{"id":110,"date":"2017-11-08T18:55:19","date_gmt":"2017-11-08T17:55:19","guid":{"rendered":"http:\/\/paroissesaintlaumer.com\/?p=110"},"modified":"2017-11-09T22:01:11","modified_gmt":"2017-11-09T21:01:11","slug":"octobre-2017","status":"publish","type":"post","link":"https:\/\/paroissesaintlaumer.com\/index.php\/2017\/11\/08\/octobre-2017\/","title":{"rendered":"Octobre 2017 &#8211; Radio grand ciel"},"content":{"rendered":"<p>Les enfants de la cat\u00e9ch\u00e8se de la paroisse ont particip\u00e9 \u00e0 l&#8217;\u00e9mission de RGC (A nous la parole). Nous avions choisi le th\u00e8me : &#8220;La tendresse de Dieu&#8221;.<\/p>\n<p><img loading=\"lazy\" class=\"alignnone wp-image-112 size-full\" src=\"http:\/\/paroissesaintlaumer.com\/wp-content\/uploads\/2017\/11\/hekndkpbkobncpip.jpg\" alt=\"\" width=\"2976\" height=\"1984\" srcset=\"https:\/\/paroissesaintlaumer.com\/wp-content\/uploads\/2017\/11\/hekndkpbkobncpip.jpg 2976w, https:\/\/paroissesaintlaumer.com\/wp-content\/uploads\/2017\/11\/hekndkpbkobncpip-300x200.jpg 300w, https:\/\/paroissesaintlaumer.com\/wp-content\/uploads\/2017\/11\/hekndkpbkobncpip-768x512.jpg 768w, https:\/\/paroissesaintlaumer.com\/wp-content\/uploads\/2017\/11\/hekndkpbkobncpip-1024x683.jpg 1024w\" sizes=\"(max-width: 2976px) 100vw, 2976px\" \/><img loading=\"lazy\" class=\"alignnone wp-image-113 size-full\" src=\"http:\/\/paroissesaintlaumer.com\/wp-content\/uploads\/2017\/11\/mdemkmaoclfdnpeo.jpg\" alt=\"\" width=\"2976\" height=\"1984\" srcset=\"https:\/\/paroissesaintlaumer.com\/wp-content\/uploads\/2017\/11\/mdemkmaoclfdnpeo.jpg 2976w, https:\/\/paroissesaintlaumer.com\/wp-content\/uploads\/2017\/11\/mdemkmaoclfdnpeo-300x200.jpg 300w, https:\/\/paroissesaintlaumer.com\/wp-content\/uploads\/2017\/11\/mdemkmaoclfdnpeo-768x512.jpg 768w, https:\/\/paroissesaintlaumer.com\/wp-content\/uploads\/2017\/11\/mdemkmaoclfdnpeo-1024x683.jpg 1024w\" sizes=\"(max-width: 2976px) 100vw, 2976px\" \/><\/p>\n","protected":false},"excerpt":{"rendered":"<p>Les enfants de la cat\u00e9ch\u00e8se de la paroisse ont particip\u00e9 \u00e0 l&#8217;\u00e9mission de RGC (A nous la parole). Nous avions choisi le th\u00e8me : &#8220;La tendresse de Dieu&#8221;.<\/p>\n","protected":false},"author":2,"featured_media":113,"comment_status":"closed","ping_status":"open","sticky":false,"template":"","format":"standard","meta":{"ngg_post_thumbnail":0},"categories":[1],"tags":[],"_links":{"self":[{"href":"https:\/\/paroissesaintlaumer.com\/index.php\/wp-json\/wp\/v2\/posts\/110"}],"collection":[{"href":"https:\/\/paroissesaintlaumer.com\/index.php\/wp-json\/wp\/v2\/posts"}],"about":[{"href":"https:\/\/paroissesaintlaumer.com\/index.php\/wp-json\/wp\/v2\/types\/post"}],"author":[{"embeddable":true,"href":"https:\/\/paroissesaintlaumer.com\/index.php\/wp-json\/wp\/v2\/users\/2"}],"replies":[{"embeddable":true,"href":"https:\/\/paroissesaintlaumer.com\/index.php\/wp-json\/wp\/v2\/comments?post=110"}],"version-history":[{"count":3,"href":"https:\/\/paroissesaintlaumer.com\/index.php\/wp-json\/wp\/v2\/posts\/110\/revisions"}],"predecessor-version":[{"id":148,"href":"https:\/\/paroissesaintlaumer.com\/index.php\/wp-json\/wp\/v2\/posts\/110\/revisions\/148"}],"wp:featuredmedia":[{"embeddable":true,"href":"https:\/\/paroissesaintlaumer.com\/index.php\/wp-json\/wp\/v2\/media\/113"}],"wp:attachment":[{"href":"https:\/\/paroissesaintlaumer.com\/index.php\/wp-json\/wp\/v2\/media?parent=110"}],"wp:term":[{"taxonomy":"category","embeddable":true,"href":"https:\/\/paroissesaintlaumer.com\/index.php\/wp-json\/wp\/v2\/categories?post=110"},{"taxonomy":"post_tag","embeddable":true,"href":"https:\/\/paroissesaintlaumer.com\/index.php\/wp-json\/wp\/v2\/tags?post=110"}],"curies":[{"name":"wp","href":"https:\/\/api.w.org\/{rel}","templated":true}]}}