{"id":1349,"date":"2020-03-22T08:36:05","date_gmt":"2020-03-22T07:36:05","guid":{"rendered":"https:\/\/www.paroissesaintlaumer.com\/?p=1349"},"modified":"2020-03-22T08:36:09","modified_gmt":"2020-03-22T07:36:09","slug":"homelie-du-pere-jean-pierre-pour-le-4eme-dimanche-de-careme","status":"publish","type":"post","link":"https:\/\/paroissesaintlaumer.com\/index.php\/2020\/03\/22\/homelie-du-pere-jean-pierre-pour-le-4eme-dimanche-de-careme\/","title":{"rendered":"Hom\u00e9lie du P\u00e8re Jean-Pierre pour le 4\u00e8me dimanche de Car\u00eame"},"content":{"rendered":"\n<p>Fr\u00e8res et S\u0153urs Chr\u00e9tiens, en ce 4\u00e8me dimanche du Car\u00eame,\nl\u2019\u00c9glise nous invite \u00e0 la joie. C\u2019est la joie de ceux qui se pr\u00e9parent au\nbapt\u00eame&nbsp; la nuit de P\u00e2ques. Nous pensons bien aux cat\u00e9chum\u00e8nes de notre\nparoisse (Franck, Camille, Emilie et Cassandra ). Pour les premiers chr\u00e9tiens,\nce sacrement \u00e9tait le point de d\u00e9part d\u2019une rupture avec l\u2019existence qu\u2019ils\navaient connue jusque-l\u00e0. Ils venaient d\u2019un monde sans Dieu dont la vie n\u2019avait\npas de sens. Ils avaient le sentiment que c\u2019est seulement par le bapt\u00eame qu\u2019ils\ncommen\u00e7aient \u00e0 vivre vraiment. Le bapt\u00eame nous arrache \u00e0 une vie sans issue. Il\nnous offre de participer \u00e0 la vie divine. Nous avons tous besoin de retrouver\ncette force et cette joie des premiers chr\u00e9tiens.<\/p>\n\n\n\n<p>Ce temps du Car\u00eame pendant lequel s\u2019est ajout\u00e9 le confinement,\nest une chance qui nous ouvre un chemin de conversion. La premi\u00e8re lecture nous\ninvite \u00e0 nous ajuster au regard de Dieu sur les personnes et les \u00e9v\u00e9nements :\n\u00ab&nbsp;Dieu ne regarde pas comme les hommes.&nbsp;\u00bb Les hommes regardent les\napparences. Dieu voit la grandeur de celui qui est petit, faible et m\u00e9pris\u00e9. Au\nmoment de choisir un roi dans la famille de Jess\u00e9, personne n\u2019avait pens\u00e9 au\npetit David qui \u00e9tait aux champs en train de garder les troupeaux. Dieu ne voit\npas comme nous; Il se sert des petits et des humbles pour r\u00e9aliser de grandes\nchoses. \u00c0 travers ce message, Dieu voudrait nous apprendre \u00e0 avoir le m\u00eame\nregard que lui.<\/p>\n\n\n\n<p>Dans la seconde lecture, Dieu nous parle de la lumi\u00e8re\nspirituelle : c\u2019est elle qui nous permet d\u2019avoir le regard de Dieu sur le\nmonde. S\u2019adressant aux chr\u00e9tiens d\u2019\u00c9ph\u00e8se et \u00e0 chacun de nous, confin\u00e9s dans\nnos maisons, il dit : \u00ab&nbsp;Autrefois, vous \u00e9tiez dans les t\u00e9n\u00e8bres.\nMaintenant, dans le Seigneur, vous \u00eates devenus lumi\u00e8res.&nbsp;\u00bb Vivre en\n\u00ab&nbsp;enfant de lumi\u00e8re&nbsp;\u00bb c\u2019est arr\u00eater de voir et de raisonner \u00e0 la\nmani\u00e8re du monde, c\u2019est se laisser guider par la lumi\u00e8re qui est en J\u00e9sus,\nc\u2019est avoir, comme lui, un regard plein de mis\u00e9ricorde.<\/p>\n\n\n\n<p>Et dans l\u2019\u00c9vangile de ce dimanche, nous voyons pr\u00e9cis\u00e9ment des\ndisciples qui raisonnaient \u00e0 la mani\u00e8re du monde. Face \u00e0 un homme aveugle de\nnaissance, ils posent la question qui les pr\u00e9occupe : \u00ab&nbsp;Qui a p\u00e9ch\u00e9, lui\nou ses parents, pour qu\u2019il soit n\u00e9 aveugle ?&nbsp;\u00bb Cette question rejoint les n\u00f4tres\n: \u00ab&nbsp;D\u2019o\u00f9 viennent les souffrances, les \u00e9pid\u00e9mies, les catastrophes qui\naccablent de plus ne plus de personnes aujourd\u2019hui ? Est-ce une punition de\nDieu pour nos p\u00e9ch\u00e9s ? Aujourd\u2019hui, J\u00e9sus nous apporte une r\u00e9ponse : ces\nmalheurs ne viennent pas de Dieu. Dieu est un P\u00e8re qui aime chacun de ses\nenfants. Il nous a envoy\u00e9 son Fils J\u00e9sus pour \u00ab&nbsp;chercher et sauver ceux\nqui \u00e9taient perdus.&nbsp;\u00bb Les \u00e9pid\u00e9mies, les catastrophes ne nous\ninvitent-elles pas \u00e0 une relecture, une prise de conscience, une remise en question\ndes syst\u00e8mes mis en place par l\u2019homme lui-m\u00eame&nbsp;; notre relation avec\nDieu&nbsp;?<\/p>\n\n\n\n<p>Oui, chers paroissiens, cet aveugle sur la route, c\u2019est toute\nl\u2019humanit\u00e9. Elle est plong\u00e9e dans les t\u00e9n\u00e8bres de l\u2019ignorance religieuse et du\np\u00e9ch\u00e9. J\u00e9sus a vu toute cette d\u00e9tresse. Et il continue \u00e0 venir pour nous\napporter la v\u00e9ritable lib\u00e9ration. Ils sont nombreux ceux et celles qui\ns\u2019\u00e9garent sur des chemins de perdition. Beaucoup sont aveugl\u00e9s par leurs\ncertitudes, leur orgueil. Beaucoup se d\u00e9tournent du vrai Dieu pour s\u2019attacher \u00e0\nl\u2019argent, aux richesses et aux petits bonheurs qui ne peuvent vraiment les\ncombler ; c\u2019est de cet aveuglement que J\u00e9sus veut nous gu\u00e9rir.<\/p>\n\n\n\n<p>Dans l\u2019\u00c9vangile, nous voyons J\u00e9sus qui gu\u00e9rit un mendiant\naveugle de naissance. Il lui ouvre les yeux deux fois. Il commence par lui\nrendre la vue qui lui permettra de voir les personnes et le monde qui\nl\u2019entoure. Il&nbsp; lui ouvre aussi les yeux de la foi. Tout cela se fait\nprogressivement. Dans un premier temps, l\u2019homme gu\u00e9ri parle de \u00ab&nbsp;l\u2019homme\nqu\u2019on appelle J\u00e9sus&nbsp;\u00bb ; ensuite il voit en lui un proph\u00e8te ; puis quand il\nse trouve devant lui, il se prosterne en disant : \u00ab&nbsp;Je crois,\nSeigneur.&nbsp;\u00bb<\/p>\n\n\n\n<p>Comme cet homme, nous sommes appel\u00e9s \u00e0 passer des t\u00e9n\u00e8bres \u00e0 la\nfoi. Nous aussi, nous sommes souvent aveugles ou malvoyants. <strong>Cet aveugle-n\u00e9\nest le symbole de l\u2019humanit\u00e9 plong\u00e9e dans les t\u00e9n\u00e8bres<\/strong>. Mais par le\nbapt\u00eame, elle d\u00e9couvre la Lumi\u00e8re du Christ. Pour ces nouveaux convertis, c\u2019est\nune illumination. C\u2019est la Parole de l\u2019\u00c9vangile de saint&nbsp;Jean qui\ns\u2019accomplit : \u00ab&nbsp;Le Verbe \u00e9tait la Lumi\u00e8re, qui, en venant en ce monde,\nillumine tout homme.&nbsp;\u00bb<\/p>\n\n\n\n<p>Face \u00e0 cet homme gu\u00e9ri et sauv\u00e9, il y a tous ceux qui sont\naveugles dans leur esprit et dans leur c\u0153ur ; il y a ceux qui s\u2019enfoncent dans\nleur aveuglement qui est celui du p\u00e9ch\u00e9. Comme le hibou ou la chouette, ils\nsont aveugl\u00e9s par la lumi\u00e8re du jour. La Lumi\u00e8re de Dieu, la Lumi\u00e8re de la\nV\u00e9rit\u00e9 leur fait peur. Mais nous ne devons pas avoir peur de la Lumi\u00e8re de\nJ\u00e9sus Christ ; il se pr\u00e9sente \u00e0 nous comme le soleil qui rendra lumineuse notre\nvie.\n\nVivre le Car\u00eame, c\u2019est accueillir cette lumi\u00e8re qui\nvient de J\u00e9sus. Cette lumi\u00e8re c\u2019est celle de la foi. Elle nous aide \u00e0 voir les\npersonnes et <strong>les \u00e9v\u00e9nements que nous traversons actuellement avec le regard\nde Dieu<\/strong>. Comme l\u2019aveugle gu\u00e9ri, nous deviendrons des t\u00e9moins du Christ.\nNous pourrons proclamer notre foi avec fiert\u00e9 : \u00ab&nbsp;Je crois en Dieu qui est\nlumi\u00e8re, Je crois en Dieu, il est mon P\u00e8re.&nbsp;\u00bb Amen\n\n\n\n<\/p>\n","protected":false},"excerpt":{"rendered":"<p>Fr\u00e8res et S\u0153urs Chr\u00e9tiens, en ce 4\u00e8me dimanche du Car\u00eame, l\u2019\u00c9glise nous invite \u00e0 la joie. C\u2019est la joie de ceux qui se pr\u00e9parent au bapt\u00eame&nbsp; la nuit de P\u00e2ques.&hellip; <\/p>\n","protected":false},"author":1,"featured_media":20,"comment_status":"closed","ping_status":"open","sticky":false,"template":"","format":"standard","meta":{"ngg_post_thumbnail":0},"categories":[6,1],"tags":[],"_links":{"self":[{"href":"https:\/\/paroissesaintlaumer.com\/index.php\/wp-json\/wp\/v2\/posts\/1349"}],"collection":[{"href":"https:\/\/paroissesaintlaumer.com\/index.php\/wp-json\/wp\/v2\/posts"}],"about":[{"href":"https:\/\/paroissesaintlaumer.com\/index.php\/wp-json\/wp\/v2\/types\/post"}],"author":[{"embeddable":true,"href":"https:\/\/paroissesaintlaumer.com\/index.php\/wp-json\/wp\/v2\/users\/1"}],"replies":[{"embeddable":true,"href":"https:\/\/paroissesaintlaumer.com\/index.php\/wp-json\/wp\/v2\/comments?post=1349"}],"version-history":[{"count":1,"href":"https:\/\/paroissesaintlaumer.com\/index.php\/wp-json\/wp\/v2\/posts\/1349\/revisions"}],"predecessor-version":[{"id":1350,"href":"https:\/\/paroissesaintlaumer.com\/index.php\/wp-json\/wp\/v2\/posts\/1349\/revisions\/1350"}],"wp:featuredmedia":[{"embeddable":true,"href":"https:\/\/paroissesaintlaumer.com\/index.php\/wp-json\/wp\/v2\/media\/20"}],"wp:attachment":[{"href":"https:\/\/paroissesaintlaumer.com\/index.php\/wp-json\/wp\/v2\/media?parent=1349"}],"wp:term":[{"taxonomy":"category","embeddable":true,"href":"https:\/\/paroissesaintlaumer.com\/index.php\/wp-json\/wp\/v2\/categories?post=1349"},{"taxonomy":"post_tag","embeddable":true,"href":"https:\/\/paroissesaintlaumer.com\/index.php\/wp-json\/wp\/v2\/tags?post=1349"}],"curies":[{"name":"wp","href":"https:\/\/api.w.org\/{rel}","templated":true}]}}