{"id":1455,"date":"2020-03-31T16:51:16","date_gmt":"2020-03-31T14:51:16","guid":{"rendered":"https:\/\/www.paroissesaintlaumer.com\/?p=1455"},"modified":"2020-03-31T16:51:18","modified_gmt":"2020-03-31T14:51:18","slug":"message-de-monseigneur-christory-du-mardi-31-mars-2020","status":"publish","type":"post","link":"https:\/\/paroissesaintlaumer.com\/index.php\/2020\/03\/31\/message-de-monseigneur-christory-du-mardi-31-mars-2020\/","title":{"rendered":"Message de Monseigneur Christory du mardi 31 mars 2020"},"content":{"rendered":"\n<p>Chers amis et dioc\u00e9sains d\u2019Eure et Loir,<\/p>\n\n\n\n<p>Hier, nous commencions \u00e0 relire l\u2019exhortation apostolique \u00ab&nbsp;<strong>La joie de l\u2019Evangile&nbsp;<\/strong>\u00bb (Evangelii Gaudium) \u00e9crite par le Pape Fran\u00e7ois en 2014, et j\u2019aimerais vous redonner cette belle parole de J\u00e9sus \u00ab&nbsp;<em>Vous serez tristes, mais votre tristesse se changera en joie<\/em>&nbsp;\u00bb (Jn 16,20). Cela va \u00eatre v\u00e9cu par la Vierge Marie, par les saintes femmes qui servaient J\u00e9sus, par les ap\u00f4tres et tous les disciples en ces jours de la passion, mais la joie leur sera donn\u00e9e le jour de la R\u00e9surrection. Pour nous c\u2019est ainsi. Nous apprenons le d\u00e9c\u00e8s de personnes proches de nous, dans le dioc\u00e8se, dans notre paroisse ou notre famille. Puisse votre tristesse se changer en joie, par la lumi\u00e8re que donne la foi, lorsque le Ciel s\u2019ouvre pour accueillir nos d\u00e9funts et r\u00e9entendre de mani\u00e8re personnelle la voix du P\u00e8re \u00ab&nbsp;<em>Celui-ci est mon Fils bien-aim\u00e9, en qui je trouve ma joie.&nbsp;!&nbsp;<\/em>\u00bb (Mt 3, 17)<\/p>\n\n\n\n<p>Nous nous rapprochons des f\u00eates pascales pr\u00e9c\u00e9d\u00e9es par le dimanche des Rameaux. La lecture de \u00ab&nbsp;l\u2019\u00c9vangile de la Joie&nbsp;\u00bb du Pape Fran\u00e7ois nous fait percevoir le contraste entre un chemin de croix douloureux pour J\u00e9sus et la joie du Salut qu\u2019il nous offre et nous demande de partager, en commen\u00e7ant par tous nos actes de charit\u00e9 du quotidien.<br><\/p>\n\n\n\n<p>L\u2019\u00c9vangile selon saint Jean est celui qui donne \u00e0 m\u00e9diter les profondes consid\u00e9rations de J\u00e9sus avant son arrestation, notamment le chapitre 17 que l\u2019on appelle la pri\u00e8re sacerdotale de J\u00e9sus qu\u2019il formule vers son P\u00e8re, dans laquelle nous pouvons retenir comme id\u00e9es importantes \u00ab&nbsp;<em>le P\u00e8re et moi sommes UN<\/em>&nbsp;\u00bb et \u00ab&nbsp;<em>que tous soient un, comme toi et moi sommes UN<\/em>&nbsp;\u00bb (Jn 17, 20-26). J\u00e9sus n\u2019a de cesse de se mettre en pr\u00e9sence du P\u00e8re et de nous rapprocher les uns des autres dans un v\u00e9ritable amour. Quand les soignants servent les malades, ils participent \u00e0 cette oeuvre de salut et d\u2019unit\u00e9. Quand ils peuvent en plus, parce qu\u2019ils sont chr\u00e9tiens, prier en soignant et pr\u00e9senter chaque malade \u00e0 la mis\u00e9ricorde de Dieu, m\u00eame si cela se fait discr\u00e8tement dans le coeur, ils appellent la consolation divine sur chacun et les unissent spirituellement \u00e0 Dieu. C\u2019est une grande oeuvre, qui donne courage pour ceux qui sont alit\u00e9s, et qui pr\u00e9pare \u00e0 la Rencontre avec le Seigneur ceux et celles qui mourront.&nbsp;<\/p>\n\n\n\n<p>En ce mardi, l\u2019Evangile est tir\u00e9 du chapitre 8 de saint Jean duquel \u00e9tait extrait hier le r\u00e9cit de la femme adult\u00e8re et du pardon octroy\u00e9 par J\u00e9sus. Ici la controverse avec les pharisiens continue et il leur r\u00e9pond de mani\u00e8re \u00e9nigmatique : \u00ab&nbsp;<em>J\u00e9sus leur d\u00e9clara : Quand vous aurez \u00e9lev\u00e9 le Fils de l\u2019homme, alors vous comprendrez que moi, JE&nbsp;SUIS, et que je ne fais rien de moi-m\u00eame ; ce que je dis l\u00e0, je le dis comme le P\u00e8re me l\u2019a enseign\u00e9. Celui qui m\u2019a envoy\u00e9 est avec moi ; il ne m\u2019a pas laiss\u00e9 seul, parce que je fais toujours ce qui lui est agr\u00e9able.&nbsp;<\/em>\u00bb (Jn 8, 28-29)<\/p>\n\n\n\n<p>L\u2019expression \u00abJE SUIS&nbsp;\u00bb nous reporte \u00e0 l\u2019exp\u00e9rience de Mo\u00efse dans le d\u00e9sert face au buisson ardent qui br\u00fble et dans lequel la voix de Dieu se fait entendre : JE SUIS. (Ex 3, 1-7) C\u2019est le nom m\u00eame de Dieu, un nom impronon\u00e7able pour les juifs de l\u2019\u00e9poque. Une affirmation de sa divinit\u00e9. Ici nous sommes pr\u00e9venus que la r\u00e9v\u00e9lation de sa nature divine passera par son \u00e9l\u00e9vation, mot qui signifie sa crucifixion. Dans cette abaissement total, J\u00e9sus \u00ab<em>&nbsp;lui de condition divine<\/em>&nbsp;<em>s\u2019abaissant jusqu\u2019\u00e0 mourrir&nbsp;<\/em>\u00bb (Ph 2, 6) par cette atroce torture et cette mort ignominieuse, remet son Esprit au P\u00e8re, passe par la mort et la mise au tombeau, puis par sa r\u00e9surrection il manifeste sa gloire, \u00ab&nbsp;<em>gloire qu\u2019il tient de son P\u00e8re comme Fils unique, plein de gr\u00e2ce et de v\u00e9rit\u00e9.&nbsp;<\/em>\u00bb (Jn 1, 14)<\/p>\n\n\n\n<p>La croix est un ch\u00e2timent terrible. Parfois nous pr\u00e9f\u00e9rerions une religion du gentil bonheur. Mais le Christ nous dit que c\u2019est par elle que se r\u00e9tablit la communion entre l\u2019humanit\u00e9 et Dieu le P\u00e8re, par elle que le p\u00e9ch\u00e9 du monde est rachet\u00e9, par elle que nous sommes sauv\u00e9s. La croix devient le signe de la Bonne Nouvelle du salut. Elle devient dor\u00e9navant le signe de l\u2019Amour divin livr\u00e9 pour nous, l\u2019Amour divin qui nous est remis pour que \u00ab<em>&nbsp;nous nous aimions les uns les autres&nbsp;\u00bb&nbsp;<\/em>comme le Christ le fit : \u00ab&nbsp;<em>Vivez dans l\u2019amour, comme le Christ nous a aim\u00e9s et s\u2019est livr\u00e9 lui-m\u00eame pour nous, s\u2019offrant en sacrifice \u00e0 Dieu, comme un parfum d\u2019agr\u00e9able odeur.<\/em>&nbsp;\u00bb (Cf Eph 5, 2). La Croix demeure un scandale incompris pas beaucoup de personnes, pourtant nous pouvons y contempler le don de J\u00e9sus. J\u2019ai en m\u00e9moire cette femme musulmane d\u2019une quarantaine d\u2019ann\u00e9es qui, entrant dans une \u00e9glise, voit un calvaire suspendu \u00e0 la voute pr\u00e9sentant un grand Christ douloureux, et tombe sous le choc en disant&nbsp;\u00ab&nbsp;Mais pourquoi t\u2019ont-ils fait cela ?&nbsp;\u00bb; elle se convertit et re\u00e7oit le bapt\u00eame. Ainsi la foi en J\u00e9sus-Christ nous fait comprendre que la vie cro\u00eet \u00e0 mesure qu\u2019elle est donn\u00e9e aux autres, comme J\u00e9sus l\u2019offrit, et que la joie de l\u2019Evangile est dans cette d\u00e9couverte \u00ab&nbsp;<em>qu\u2019il y a toujours plus de bonheur \u00e0 donner qu\u2019\u00e0 recevoir.&nbsp;<\/em>\u00bb (Act 20, 35)<\/p>\n\n\n\n<p>Le Pape Fran\u00e7ois constate que le bonheur n\u2019a de cesse de se communiquer :&nbsp;\u00ab<em>&nbsp;Chaque exp\u00e9rience authentique de v\u00e9rit\u00e9 et de beaut\u00e9 cherche par elle-m\u00eame son expansion, et chaque personne qui vit une profonde lib\u00e9ration acquiert une plus grande sensibilit\u00e9 devant les besoins des autres<\/em>.&nbsp;\u00bb (EG 9) Aussi \u00ab&nbsp;<em>l\u2019Amour du Christ nous presse&nbsp;<\/em>\u00bb (2Co 5, 14) et nous sommes encourag\u00e9s \u00e0 partager la foi qui nous habite et nous r\u00e9jouit. Tirons parti du temps pr\u00e9sent pour communiquer la Vie, celle qui a pour nom J\u00e9sus, \u00e0 ceux et celles qui sont avec nous, pr\u00e9sents en notre coeur. La joie du Christ grandit en \u00e9tant partag\u00e9e :&nbsp; \u00ab&nbsp;<em>Allez&nbsp;! De toutes les nations faites des disciples&nbsp;: baptisez-les au nom du P\u00e8re, et du Fils, et du Saint-Esprit.&nbsp;<\/em>\u00bb (Mt 28, 19)<\/p>\n\n\n\n<p>J\u2019aimerais ajouter que nous sommes heureux de recevoir vos intentions de pri\u00e8re et pour quotidiennement les pr\u00e9senter au Seigneur lors de la Sainte eucharistie. N\u2019h\u00e9sitez pas \u00e0 les adresser au cur\u00e9 de votre paroisse, ou \u00e0 moi-m\u00eame. De mani\u00e8re invisible et bien r\u00e9elle, se forme une cha\u00eene de pri\u00e8re magnifique en ces jours de confinement. Quelle joie de voir tant de fid\u00e8les prendre ce temps de la pri\u00e8re reli\u00e9s aux amis, aux personnes \u00e2g\u00e9es tellement isol\u00e9es dans les maisons de retraite ou \u00e0 domicile, aux familles et aux enfants. Chaque appel que nous pouvons donner ou recevoir manifeste le soin que nous prenons les uns pour les autres. Quelle est belle notre Eglise ! Elle se rassemble aupr\u00e8s du Seigneur d\u2019un m\u00eame c\u0153ur et d\u2019une m\u00eame \u00e2me.<\/p>\n\n\n\n<p>Maintenant je vous b\u00e9nis au Nom du P\u00e8re et du Fils et du Saint Esprit.&nbsp;<\/p>\n\n\n\n<p>Et nous nous confions \u00e0 la pri\u00e8re de la Vierge Marie, avec l\u2019angelus :<br>V. L\u2019ange du Seigneur apporta l\u2019annonce \u00e0 Marie<br><em>R\/ Et elle con\u00e7ut du Saint-Esprit.<\/em><br>Je vous salue Marie, \u2026.<br>V. Voici la Servante du Seigneur<br><em>R\/ Qu\u2019il me soit fait selon votre parole.<\/em><br>Je vous salue Marie&#8230;<br>V. Et le Verbe s\u2019est fait chair<br><em>R\/ Et il a habit\u00e9 parmi nous.<\/em><br>Je vous salue Marie&#8230;<br>V. Priez pour nous, sainte M\u00e8re de Dieu<br><em>R\/ Afin que nous soyons rendus dignes des promesses du Christ.<\/em><\/p>\n\n\n\n<p>Prions :<\/p>\n\n\n\n<p>Que ta gr\u00e2ce, Seigneur, se r\u00e9pande en nos c\u0153urs. Par le message de l&#8217;ange, tu nous as fait conna\u00eetre l&#8217;Incarnation de ton Fils bien aim\u00e9, conduis-nous, par sa passion et par sa croix jusqu&#8217;\u00e0 la gloire de la r\u00e9surrection. Par le Christ, notre Seigneur.<br>R\/ Amen.\u00a0<\/p>\n\n\n\n<p><strong>Mgr Philippe Christory<\/strong><br>Maison\u00a0dioc\u00e9saine<br>22 avenue d&#8217;Aligre<br>28000 Chartres<\/p>\n\n\n\n<p><strong>Confinement : pour aider le dioc\u00e8se par la qu\u00eate en ligne,<\/strong><a rel=\"noreferrer noopener\" href=\"https:\/\/jedonnealeglise.fr\/9543f879-0216-41e0-9001-6ec1d7f02831\" target=\"_blank\">cliquez ici\u00a0<\/a><a rel=\"noreferrer noopener\" href=\"https:\/\/www.youtube.com\/watch?time_continue=1&amp;v=JcdZ1Rdphm8&amp;feature=emb_logo\" target=\"_blank\">Message video du 30 mars<\/a><\/p>\n\n\n\n<p><\/p>\n","protected":false},"excerpt":{"rendered":"<p>Chers amis et dioc\u00e9sains d\u2019Eure et Loir, Hier, nous commencions \u00e0 relire l\u2019exhortation apostolique \u00ab&nbsp;La joie de l\u2019Evangile&nbsp;\u00bb (Evangelii Gaudium) \u00e9crite par le Pape Fran\u00e7ois en 2014, et j\u2019aimerais vous&hellip; <\/p>\n","protected":false},"author":1,"featured_media":1227,"comment_status":"closed","ping_status":"open","sticky":false,"template":"","format":"standard","meta":{"ngg_post_thumbnail":0},"categories":[6,5],"tags":[],"_links":{"self":[{"href":"https:\/\/paroissesaintlaumer.com\/index.php\/wp-json\/wp\/v2\/posts\/1455"}],"collection":[{"href":"https:\/\/paroissesaintlaumer.com\/index.php\/wp-json\/wp\/v2\/posts"}],"about":[{"href":"https:\/\/paroissesaintlaumer.com\/index.php\/wp-json\/wp\/v2\/types\/post"}],"author":[{"embeddable":true,"href":"https:\/\/paroissesaintlaumer.com\/index.php\/wp-json\/wp\/v2\/users\/1"}],"replies":[{"embeddable":true,"href":"https:\/\/paroissesaintlaumer.com\/index.php\/wp-json\/wp\/v2\/comments?post=1455"}],"version-history":[{"count":1,"href":"https:\/\/paroissesaintlaumer.com\/index.php\/wp-json\/wp\/v2\/posts\/1455\/revisions"}],"predecessor-version":[{"id":1456,"href":"https:\/\/paroissesaintlaumer.com\/index.php\/wp-json\/wp\/v2\/posts\/1455\/revisions\/1456"}],"wp:featuredmedia":[{"embeddable":true,"href":"https:\/\/paroissesaintlaumer.com\/index.php\/wp-json\/wp\/v2\/media\/1227"}],"wp:attachment":[{"href":"https:\/\/paroissesaintlaumer.com\/index.php\/wp-json\/wp\/v2\/media?parent=1455"}],"wp:term":[{"taxonomy":"category","embeddable":true,"href":"https:\/\/paroissesaintlaumer.com\/index.php\/wp-json\/wp\/v2\/categories?post=1455"},{"taxonomy":"post_tag","embeddable":true,"href":"https:\/\/paroissesaintlaumer.com\/index.php\/wp-json\/wp\/v2\/tags?post=1455"}],"curies":[{"name":"wp","href":"https:\/\/api.w.org\/{rel}","templated":true}]}}