{"id":1607,"date":"2020-04-15T20:48:03","date_gmt":"2020-04-15T18:48:03","guid":{"rendered":"https:\/\/www.paroissesaintlaumer.com\/?p=1607"},"modified":"2020-04-15T20:48:03","modified_gmt":"2020-04-15T18:48:03","slug":"message-de-monseigneur-christory-du-15-avril-2020-au-nom-de-jesus-leve-toi-et-marche","status":"publish","type":"post","link":"https:\/\/paroissesaintlaumer.com\/index.php\/2020\/04\/15\/message-de-monseigneur-christory-du-15-avril-2020-au-nom-de-jesus-leve-toi-et-marche\/","title":{"rendered":"Message de Monseigneur Christory du 15 avril 2020. \u00ab Au nom de J\u00e9sus, l\u00e8ve-toi et marche. \u00bb"},"content":{"rendered":"\n<p>Chers amis et dioc\u00e9sains d\u2019Eure &amp; Loir,<\/p>\n\n\n\n<p>En ce temps pascal, soit les quarante jours apr\u00e8s P\u00e2ques, nous lisons les Actes des ap\u00f4tres, livre \u00e9crit par saint Luc \u00e0 son jeune ami Th\u00e9ophile pour pr\u00e9senter la croissance de l\u2019Eglise apr\u00e8s la Pentec\u00f4te. Nous aurons un passage \u00e0 la messe quotidienne. Ce mercredi, c\u2019est un \u00e9pisode \u00e9mouvant, la rencontre d\u2019un homme handicap\u00e9 de naissance \u00e0 la Belle-Porte du Temple de J\u00e9rusalem, et sa gu\u00e9rison op\u00e9r\u00e9e par Dieu par l\u2019audace de l\u2019ap\u00f4tre Pierre.<\/p>\n\n\n\n<p>Cet homme estropi\u00e9 voyait une foule de personnes venues de partout pour les f\u00eates de Pentec\u00f4te, qui elle ne le regardait pas malgr\u00e9 peut-\u00eatre ses demandes r\u00e9p\u00e9t\u00e9es et ses cris. Il me rappelle l\u2019aveugle Barthim\u00e9e \u00e0 la porte de J\u00e9richo que la foule voulait faire taire quand il interpelait les gens avec vigueur. Qu\u2019a-t-il vu dans l\u2019attitude et le regard des ap\u00f4tres ? Comment l\u2019Esprit Saint les \u00e9clairait de sa gr\u00e2ce ? A-t-il pressenti qu\u2019ils \u00e9taient des envoy\u00e9s de Dieu ? C\u2019est bien vers eux que ce pauvre se tourne \u00e0 cet instant pour demander de l\u2019aide. Il faut r\u00e9entendre la merveilleuse r\u00e9ponse que Pierre lui fait : \u00ab De l\u2019argent et de l\u2019or, je n\u2019en ai pas ; mais ce que j\u2019ai, je te le donne : au nom de J\u00e9sus Christ le Nazar\u00e9en, l\u00e8ve-toi et marche. \u00bb (Act 3, 6)<\/p>\n\n\n\n<p>Lors des fun\u00e9railles de Patrick Giros d\u00e9c\u00e9d\u00e9 en 2002, le fondateur de la belle association \u00ab aux captifs la lib\u00e9ration \u00bb qui accompagne la vie de nombreuses personnes pauvres et sans-domicile-fixe, un de ses compagnons s\u2019est mis devant le cercueil pour lui dire : \u00ab Patrick, tu nous as appris que certains parmi nous demeureraient toute leur vie \u00e0 la marge et ne pourraient pas r\u00e9int\u00e9grer le texte, mais tu nous as dit aussi que bien que restant \u00e0 la marge, ils avaient le droit de conna\u00eetre J\u00e9sus-Christ ! \u00bb Oui, les droits de l\u2019homme incluent le droit fondamental de connaitre J\u00e9sus ressuscit\u00e9 et vivant avec nous.<\/p>\n\n\n\n<p>Comment Pierre appelle-t-il l\u2019Esprit Saint sur cet homme ? Il le fait \u00ab Au nom de J\u00e9sus \u00bb. Quelle belle expression, le Nom de J\u00e9sus ! Aujourd\u2019hui il est possible qu\u2019elle nous semble un peu traditionnelle. Saint-Vincent de Paul et Sainte Louise de Marillac ont fond\u00e9 un grand h\u00f4pital pr\u00e8s de l\u2019actuelle Gare du Nord \u00e0 Paris qu\u2019ils appel\u00e8rent l\u2019h\u00f4pital du Nom de J\u00e9sus. En son nom les malades \u00e9taient accueillis et soign\u00e9s. La r\u00e9publique fran\u00e7aise a confisqu\u00e9 cet h\u00f4pital et lui a donn\u00e9 plus tard le nom d\u2019un m\u00e9decin fameux de la fin du XIX\u00e8me si\u00e8cle et d\u00e9but XX\u00e8me, Fernand Widal.<\/p>\n\n\n\n<p>Quelle audace de laisser pleinement J\u00e9sus vivant agir ! Voil\u00e0 l\u2019attitude authentique du disciple. Se laisser habiter par J\u00e9sus comme l\u2019exprime Saint-Paul : \u00ab Je vis, mais ce n\u2019est plus moi, c\u2019est le Christ qui vit en moi. Ce que je vis aujourd\u2019hui dans la chair, je le vis dans la foi au Fils de Dieu qui m\u2019a aim\u00e9 et s\u2019est livr\u00e9 lui-m\u00eame pour moi. \u00bb (Gl 2, 20) Nous pensons cette expression \u00e9trange et assez th\u00e9ologique; or comme chr\u00e9tiens, nous devenons des christ, oints par le bapt\u00eame. Nous parlons de chrismation lors de la c\u00e9l\u00e9bration du sacrement de confirmation. Nous sommes des christs c\u2019est-\u00e0-dire des hommes et des femmes en qui l\u2019Esprit Saint peut d\u00e9ployer ses dons et les appliquer aux personnes qui sont autour de nous, telle la bont\u00e9 ou la confiance. L\u2019attitude de Pierre face au pauvre peut-elle \u00eatre la n\u00f4tre ? En aurons-nous l\u2019audace ? Aurons-nous une foi suffisante pour ne pas craindre le ridicule ? Quand l\u2019un de nous est interpell\u00e9 dans la rue pour une pi\u00e8ce et que bien souvent nous cherchons \u00e0 partir au plus vite soit en nous d\u00e9chargeant de quelques monnaies soit en r\u00e9pondant simplement que nous n\u2019avons rien, pourquoi ne pas demeurer un instant avec cette personne, l\u2019\u00e9couter et lui proposer de prier au Nom de J\u00e9sus pour sa vie ? Certes elle a le droit de refuser mais nous avons le droit de lui proposer. Or souvent avouons que nous n\u2019osons pas car monte en nous une inqui\u00e9tude, qui s\u2019appelle combat spirituel.<\/p>\n\n\n\n<p>\u00ab Au nom de J\u00e9sus \u00bb n\u2019est-ce pas une belle entr\u00e9e en mati\u00e8re quand nous nous rencontrons ? Par exemple \u00ab Au nom de J\u00e9sus, je te salue et je te souhaite du bonheur. \u00bb La Bible nous dit : \u00ab Ce J\u00e9sus est la pierre m\u00e9pris\u00e9e de vous, les b\u00e2tisseurs, mais devenue la pierre d\u2019angle. En nul autre que lui, il n\u2019y a de salut, car, sous le ciel, aucun autre nom n\u2019est donn\u00e9 aux hommes, qui puisse nous sauver. \u00bb (Act 4, 11-12) D\u2019ailleurs le mot J\u00e9sus indiqu\u00e9 par l\u2019ange Gabriel veut dire \u00ab Dieu sauve. \u00bb Le seul fait de prononcer ce mot nous fait rentrer dans un myst\u00e8re de compassion et de salut. L\u2019expression court-circuite toutes les arabesques que nous pourrions \u00eatre tent\u00e9s d\u2019utiliser pour mettre des formes \u00e0 une parole h\u00e9sitante quand il s\u2019agit de parler de la gu\u00e9rison par J\u00e9sus \u00e0 upersonne gravement malade. Reprendre la parole de Pierre \u00e0 la Belle-Porte face \u00e0 un malade, n\u2019est-ce pas au fond se simplifier le chemin ? Pourquoi ne pas aller voir des proches fatigu\u00e9s et malades, leur proposer de prier pour eux et d\u2019oser dire dans la pri\u00e8re \u00ab au Nom de J\u00e9sus soit gu\u00e9ri \u00bb ? Rappelons-nous J\u00e9sus disant \u00e0 ses ap\u00f4tres qu\u2019il leur souhaitait une foi grande comme un grain de moutarde : \u00ab vous direz \u00e0 cette montagne : \u201cTransporte-toi d\u2019ici jusque l\u00e0-bas\u201d, et elle se transportera ; rien ne vous sera impossible. \u00bb (Mt 17, 20)<\/p>\n\n\n\n<p>En Eure et Loir, il existe des lieux o\u00f9 des personnes merveilleuses souvent b\u00e9n\u00e9voles donnent le meilleur de ce qu\u2019elles peuvent offrir : le Bercail c\u2019est un abri pour des femmes en d\u00e9tresse, le 115 propose des logements pour une nuit, les restos du c\u0153ur de la nourriture, le Foyer Accueil Chartrain un espace de vie pour des gens \u00e0 la marge, les couloirs humanitaires un logement pour des familles \u00e9trang\u00e8res, le Secours Catholique un accompagnement et des v\u00eatements, Saint Vincent de Paul une proximit\u00e9 et de l\u2019aide, la diaconie dioc\u00e9saine met en relation les acteurs chr\u00e9tiens de la solidarit\u00e9, et d\u2019autres personnes encore. Des membres de l\u2019\u00e9glise catholique y sont engag\u00e9s avec d\u2019autres. Cela est merveilleux sp\u00e9cialement dans ce temps de confinement et d\u2019isolement. Nous portons \u00ab un tr\u00e9sor dans des vases d\u2019argile \u00bb (2Co 4, 7) et ce tr\u00e9sor se nomme J\u00e9sus dont nous pouvons r\u00e9v\u00e9ler le Nom. Catholiques, nous n\u2019annon\u00e7ons pas un humanisme fut-il chr\u00e9tien, nous ne proclamons pas des valeurs fussent-elles \u00e9vang\u00e9liques. Notre source est une personne vivante, J\u00e9sus. Nous conduisons \u00e0 cette source ceux que nous rencontrons pour qu\u2019ils puissent s\u2019y d\u00e9salt\u00e9rer.<\/p>\n\n\n\n<p>Le fruit de la gu\u00e9rison pour cet homme est de recouvrer une libert\u00e9 nouvelle. Il entre dans la louange. La louange est une belle pri\u00e8re parce qu\u2019elle nous d\u00e9centre de soi pour nous tourner vers Dieu et le remercier. Elle t\u00e9moigne du salut. La joie de la louange est attractive, elle donne une saveur nouvelle \u00e0 notre vie avec Dieu. Pas \u00e9tonnant qu\u2019en ce temps troubl\u00e9 par le d\u00e9sespoir, beaucoup de groupes de chant chr\u00e9tiens, catholiques et \u00e9vang\u00e9liques, ont un vrai succ\u00e8s particuli\u00e8rement aupr\u00e8s des jeunes. Ces chants chantent la Parole de Dieu et le Nom de J\u00e9sus.<\/p>\n\n\n\n<p>Pourquoi ne pas louer Dieu \u00e0 pleine voix, beaucoup de chants de louange s\u2019\u00e9coutent sur Youtube et ils nous aident \u00e0 exprimer notre reconnaissance joyeuse. Le psaume du jour nous dit : \u00ab Rendez gr\u00e2ce au Seigneur, proclamez son nom, annoncez parmi les peuples ses hauts faits ; chantez et jouez pour lui, redites sans fin ses merveilles. \u00bb (Ps 104, 1-2)<\/p>\n\n\n\n<p>Je vous souhaite une journ\u00e9e emplie de cette louange et de la joie de l\u2019Esprit. Je remercie Dieu de m\u2019avoir appel\u00e9 \u00e0 votre service dans ce dioc\u00e8se voici deux ann\u00e9es, consacr\u00e9 \u00e9v\u00eaque le 15 avril 2018 ! Priez pour mon minist\u00e8re afin que j\u2019y r\u00e9ponde avec fid\u00e9lit\u00e9. Merci.<\/p>\n\n\n\n<p><em>Maintenant je vous b\u00e9nis au Nom du P\u00e8re et du Fils et du Saint Esprit.<\/em><\/p>\n\n\n\n<p><em>Et nous nous confions \u00e0 la pri\u00e8re de la Vierge Marie, avec le Regina Coeli, belle pri\u00e8re traditionnelle vers Marie en ce temps pascal.<\/em><\/p>\n\n\n\n<p><em>En latin :<\/em><\/p>\n\n\n\n<p><em>Regina C\u0153li, laetare, alleluia:<br>quia quem meruisti portare, alleluia.<br>Resurrexit, sicut dixit, alleluia.<br>Ora pro nobis Deum, alleluia.<\/em><\/p>\n\n\n\n<p><em>Reine du Ciel, r\u00e9jouissez-vous, all\u00e9luia,<br>car Celui que vous avez m\u00e9rit\u00e9 de porter dans votre sein, all\u00e9luia<br>est ressuscit\u00e9 comme Il l&#8217;a dit, all\u00e9luia<br>Priez Dieu pour nous, all\u00e9luia.<\/em><\/p>\n\n\n\n<p><em>V. Soyez dans la joie et l\u2019all\u00e9gresse, Vierge Marie, all\u00e9luia<br>R. Parce que le Seigneur est vraiment ressuscit\u00e9, all\u00e9luia.<\/em><\/p>\n\n\n\n<p><em>Prions :<\/em><\/p>\n\n\n\n<p><em>Dieu, qui, par la R\u00e9surrection de Votre Fils, notre Seigneur J\u00e9sus-Christ, avez bien voulu r\u00e9jouir le monde, faites-nous parvenir, par la pri\u00e8re de la Vierge Marie, sa m\u00e8re, aux joies de la vie \u00e9ternelle. Par le Christ notre Seigneur. Amen.<\/em><\/p>\n","protected":false},"excerpt":{"rendered":"<p>Chers amis et dioc\u00e9sains d\u2019Eure &amp; Loir, En ce temps pascal, soit les quarante jours apr\u00e8s P\u00e2ques, nous lisons les Actes des ap\u00f4tres, livre \u00e9crit par saint Luc \u00e0 son&hellip; <\/p>\n","protected":false},"author":1,"featured_media":1608,"comment_status":"closed","ping_status":"open","sticky":false,"template":"","format":"standard","meta":{"ngg_post_thumbnail":0},"categories":[5],"tags":[],"_links":{"self":[{"href":"https:\/\/paroissesaintlaumer.com\/index.php\/wp-json\/wp\/v2\/posts\/1607"}],"collection":[{"href":"https:\/\/paroissesaintlaumer.com\/index.php\/wp-json\/wp\/v2\/posts"}],"about":[{"href":"https:\/\/paroissesaintlaumer.com\/index.php\/wp-json\/wp\/v2\/types\/post"}],"author":[{"embeddable":true,"href":"https:\/\/paroissesaintlaumer.com\/index.php\/wp-json\/wp\/v2\/users\/1"}],"replies":[{"embeddable":true,"href":"https:\/\/paroissesaintlaumer.com\/index.php\/wp-json\/wp\/v2\/comments?post=1607"}],"version-history":[{"count":1,"href":"https:\/\/paroissesaintlaumer.com\/index.php\/wp-json\/wp\/v2\/posts\/1607\/revisions"}],"predecessor-version":[{"id":1609,"href":"https:\/\/paroissesaintlaumer.com\/index.php\/wp-json\/wp\/v2\/posts\/1607\/revisions\/1609"}],"wp:featuredmedia":[{"embeddable":true,"href":"https:\/\/paroissesaintlaumer.com\/index.php\/wp-json\/wp\/v2\/media\/1608"}],"wp:attachment":[{"href":"https:\/\/paroissesaintlaumer.com\/index.php\/wp-json\/wp\/v2\/media?parent=1607"}],"wp:term":[{"taxonomy":"category","embeddable":true,"href":"https:\/\/paroissesaintlaumer.com\/index.php\/wp-json\/wp\/v2\/categories?post=1607"},{"taxonomy":"post_tag","embeddable":true,"href":"https:\/\/paroissesaintlaumer.com\/index.php\/wp-json\/wp\/v2\/tags?post=1607"}],"curies":[{"name":"wp","href":"https:\/\/api.w.org\/{rel}","templated":true}]}}