{"id":1666,"date":"2020-04-23T21:21:31","date_gmt":"2020-04-23T19:21:31","guid":{"rendered":"https:\/\/www.paroissesaintlaumer.com\/?p=1666"},"modified":"2020-04-23T21:24:45","modified_gmt":"2020-04-23T19:24:45","slug":"equipe-de-la-pastorale-de-la-sante","status":"publish","type":"post","link":"https:\/\/paroissesaintlaumer.com\/index.php\/2020\/04\/23\/equipe-de-la-pastorale-de-la-sante\/","title":{"rendered":"Photos souvenirs &#8211; Equipe de la pastorale de la sant\u00e9"},"content":{"rendered":"\n<h2>C\u00e9l\u00e9bration \u00e0 l&#8217;EHPAD de Senonches<\/h2>\n\n\n\n<figure class=\"wp-block-image size-large\"><img loading=\"lazy\" width=\"1024\" height=\"768\" src=\"https:\/\/www.paroissesaintlaumer.com\/wp-content\/uploads\/2020\/04\/IMG-20200422-WA0012-1024x768.jpg\" alt=\"\" class=\"wp-image-1667\" srcset=\"https:\/\/paroissesaintlaumer.com\/wp-content\/uploads\/2020\/04\/IMG-20200422-WA0012-1024x768.jpg 1024w, https:\/\/paroissesaintlaumer.com\/wp-content\/uploads\/2020\/04\/IMG-20200422-WA0012-300x225.jpg 300w, https:\/\/paroissesaintlaumer.com\/wp-content\/uploads\/2020\/04\/IMG-20200422-WA0012-768x576.jpg 768w, https:\/\/paroissesaintlaumer.com\/wp-content\/uploads\/2020\/04\/IMG-20200422-WA0012-1536x1152.jpg 1536w, https:\/\/paroissesaintlaumer.com\/wp-content\/uploads\/2020\/04\/IMG-20200422-WA0012.jpg 1600w\" sizes=\"(max-width: 1024px) 100vw, 1024px\" \/><\/figure>\n\n\n\n<figure class=\"wp-block-image size-large\"><img loading=\"lazy\" width=\"1024\" height=\"768\" src=\"https:\/\/www.paroissesaintlaumer.com\/wp-content\/uploads\/2020\/04\/IMG-20200422-WA0013-1024x768.jpg\" alt=\"\" class=\"wp-image-1668\" srcset=\"https:\/\/paroissesaintlaumer.com\/wp-content\/uploads\/2020\/04\/IMG-20200422-WA0013-1024x768.jpg 1024w, https:\/\/paroissesaintlaumer.com\/wp-content\/uploads\/2020\/04\/IMG-20200422-WA0013-300x225.jpg 300w, https:\/\/paroissesaintlaumer.com\/wp-content\/uploads\/2020\/04\/IMG-20200422-WA0013-768x576.jpg 768w, https:\/\/paroissesaintlaumer.com\/wp-content\/uploads\/2020\/04\/IMG-20200422-WA0013-1536x1152.jpg 1536w, https:\/\/paroissesaintlaumer.com\/wp-content\/uploads\/2020\/04\/IMG-20200422-WA0013.jpg 1600w\" sizes=\"(max-width: 1024px) 100vw, 1024px\" \/><\/figure>\n","protected":false},"excerpt":{"rendered":"<p>C\u00e9l\u00e9bration \u00e0 l&#8217;EHPAD de Senonches<\/p>\n","protected":false},"author":1,"featured_media":1668,"comment_status":"closed","ping_status":"open","sticky":false,"template":"","format":"standard","meta":{"ngg_post_thumbnail":0},"categories":[1],"tags":[],"_links":{"self":[{"href":"https:\/\/paroissesaintlaumer.com\/index.php\/wp-json\/wp\/v2\/posts\/1666"}],"collection":[{"href":"https:\/\/paroissesaintlaumer.com\/index.php\/wp-json\/wp\/v2\/posts"}],"about":[{"href":"https:\/\/paroissesaintlaumer.com\/index.php\/wp-json\/wp\/v2\/types\/post"}],"author":[{"embeddable":true,"href":"https:\/\/paroissesaintlaumer.com\/index.php\/wp-json\/wp\/v2\/users\/1"}],"replies":[{"embeddable":true,"href":"https:\/\/paroissesaintlaumer.com\/index.php\/wp-json\/wp\/v2\/comments?post=1666"}],"version-history":[{"count":2,"href":"https:\/\/paroissesaintlaumer.com\/index.php\/wp-json\/wp\/v2\/posts\/1666\/revisions"}],"predecessor-version":[{"id":1676,"href":"https:\/\/paroissesaintlaumer.com\/index.php\/wp-json\/wp\/v2\/posts\/1666\/revisions\/1676"}],"wp:featuredmedia":[{"embeddable":true,"href":"https:\/\/paroissesaintlaumer.com\/index.php\/wp-json\/wp\/v2\/media\/1668"}],"wp:attachment":[{"href":"https:\/\/paroissesaintlaumer.com\/index.php\/wp-json\/wp\/v2\/media?parent=1666"}],"wp:term":[{"taxonomy":"category","embeddable":true,"href":"https:\/\/paroissesaintlaumer.com\/index.php\/wp-json\/wp\/v2\/categories?post=1666"},{"taxonomy":"post_tag","embeddable":true,"href":"https:\/\/paroissesaintlaumer.com\/index.php\/wp-json\/wp\/v2\/tags?post=1666"}],"curies":[{"name":"wp","href":"https:\/\/api.w.org\/{rel}","templated":true}]}}