{"id":1792,"date":"2020-05-06T11:06:25","date_gmt":"2020-05-06T09:06:25","guid":{"rendered":"https:\/\/paroissesaintlaumer.com\/?p=1792"},"modified":"2020-05-06T11:06:48","modified_gmt":"2020-05-06T09:06:48","slug":"message-de-monseigneur-christory-du-mercredi-6-mai-2020-celui-qui-me-voit-voit-celui-qui-ma-envoye","status":"publish","type":"post","link":"https:\/\/paroissesaintlaumer.com\/index.php\/2020\/05\/06\/message-de-monseigneur-christory-du-mercredi-6-mai-2020-celui-qui-me-voit-voit-celui-qui-ma-envoye\/","title":{"rendered":"Message de Monseigneur Christory du mercredi 6 mai 2020. \u00ab Celui qui me voit voit Celui qui m\u2019a envoy\u00e9 \u00bb"},"content":{"rendered":"\n<div class=\"wp-block-buttons aligncenter\">\n<div class=\"wp-block-button\"><a class=\"wp-block-button__link has-text-color has-very-dark-gray-color has-background has-pale-cyan-blue-background-color\" href=\"https:\/\/4p3aj.r.a.d.sendibm1.com\/mk\/cl\/f\/ddcXCcnPKSGjbgFo2yv4zcQw7GubB1sh5IaCliykxxmPI1sU4-8UBYpnK4-qLjYWZbJE6ChOzQyySEiU65BhchlajxBGwYn2W1JeFecImvmEYQzbyhslv0VDsSUrrm3ReqtNOVcoWPQgjKr-X42JeYMZWWsUUC95v0NaMekT0XgwABCnIXi9OwChzEWmtvaYMz83xkZaRhJWmsAHuZZT-X2pyrA_iUF_PN1nEABZ5XZvgPeKpw_plEfFVXaC30uizRIA0THAnl9XElQi\" style=\"border-radius:6px\" target=\"_blank\" rel=\"noreferrer noopener\">EN AUDIO : CLIQUER ICI<\/a><\/div>\n<\/div>\n\n\n\n<p>Chers amis et dioc\u00e9sains d\u2019Eure &amp; Loir,<\/p>\n\n\n\n<p>Quelle joie ce fut de regarder \u00ab Secret d\u2019Histoire \u00bb produit et anim\u00e9 par St\u00e9phane Bern qui a r\u00e9v\u00e9l\u00e9 l\u2019histoire et la figure de l\u2019auteur de l\u2019\u00ab Histoire d\u2019une \u00e2me \u00bb, Sainte Th\u00e9r\u00e8se de l\u2019Enfant J\u00e9sus et de la Sainte Face. Vous trouverez l\u2019\u00e9mission en replay sur le site de France 3, et vraiment prenez sans tarder les deux heures consacr\u00e9es \u00e0 retracer sa vie avec le cadeau de la visite en d\u00e9tail du Carmel de Lisieux o\u00f9 les visiteurs n\u2019entrent pas, cl\u00f4ture oblige. Personnellement, j\u2019ai beaucoup lu ses manuscrits autobiographiques qui constituent ensemble l\u2019\u00ab histoire d\u2019une \u00e2me \u00bb mais aussi ses po\u00e8mes, ses pi\u00e8ces de th\u00e9\u00e2tres, ses correspondances notamment avec l\u2019abb\u00e9 Belli\u00e8re emplies d\u2019une maturit\u00e9 spirituelle extraordinaire, et toutes les notes de ses soeurs, carm\u00e9lites avec elle, qui nous rapportent ses derniers propos. Le 30 septembre 1897, Th\u00e9r\u00e8se agonisait dans une souffrance indicible, \u00e9touffait, mais continuait dans son \u00e9puisement \u00e0 s\u2019offrir pour le salut des \u00e2mes et les pr\u00eatres. \u00ab Je ne me repens pas de m\u2019\u00eatre livr\u00e9e \u00e0 l\u2019Amour\u2026 Oh ! non, je ne m\u2019en repens pas, au contraire ! \u00bb\u2026 et quelques instants apr\u00e8s ses derni\u00e8res paroles \u00ab Eh bien !\u2026 allons !\u2026 allons !\u2026 Oh ! je l\u2019aime ! Mon Dieu, je vous aime ! \u00bb et Th\u00e9r\u00e8se entrait dans la Vie. Elle avait promis de passer son Ciel \u00e0 faire du bien sur la terre. Que n\u2019a-t-elle pas fait depuis ? Combien de gu\u00e9risons, de miracles, de conversions, d\u2019\u00e9lans missionnaires ? Comme le psalmiste le dit \u00ab La terre a donn\u00e9 son fruit ; Dieu, notre Dieu, nous b\u00e9nit. Que Dieu nous b\u00e9nisse, et que la terre tout enti\u00e8re l\u2019adore ! \u00bb (Ps 66,7-8) Fruit de la terre, merveilleuse ic\u00f4ne de la saintet\u00e9, Th\u00e9r\u00e8se fit un parcours digne des g\u00e9ants et elle nous enseigne que la saintet\u00e9 est faite de mille choses simples et cach\u00e9es, ordinaires et r\u00e9alis\u00e9es avec un amour extraordinaire comme saint Paul le dit \u00ab je vous exhorte donc \u00e0 vous conduire d\u2019une mani\u00e8re digne de votre vocation : ayez beaucoup d\u2019humilit\u00e9, de douceur et de patience, supportez-vous les uns les autres avec amour ; ayez soin de garder l\u2019unit\u00e9 dans l\u2019Esprit par le lien de la paix. (Eph 4,1-3) Il est magnifique de voir comment la Providence s\u2019est saisie du visage de cette religieuse si simple pour que soit connue, par les manuscrits, l\u2019oeuvre de la gr\u00e2ce durant les vingt quatre ann\u00e9es de sa vie si br\u00e8ve, et de voir comment l\u2019Eglise universelle, sur tous les continents, a \u00e9t\u00e9 inspir\u00e9e par son histoire sainte. Elle demeure l\u2019incontournable sainte Th\u00e9r\u00e8se de Lisieux, et je r\u00e9alise que depuis que je suis \u00e9v\u00eaque de Chartres, je n\u2019ai pas pris le temps d\u2019aller la remercier par une messe en son Carmel. Vivement la fin du confinement pour que j\u2019aille lui demander pardon de l\u2019avoir ainsi n\u00e9glig\u00e9e ! Et merci \u00e0 vous St\u00e9phane Bern d\u2019avoir os\u00e9 vous saisir d\u2019une telle histoire mystique pour la rendre accessible au grand public !<\/p>\n\n\n\n<p>Th\u00e9r\u00e8se est n\u00e9e dans une famille o\u00f9 l\u2019amour pour Dieu avait la premi\u00e8re place. Ses parents Louis et Z\u00e9lie avaient tous les deux pens\u00e9 devenir consacr\u00e9s. Finalement c\u2019est tardivement qu\u2019ils se mari\u00e8rent. Th\u00e9r\u00e8se fut la neuvi\u00e8me de neuf enfants, fruit de la g\u00e9n\u00e9rosit\u00e9 de ses parents dont la vocation fut beaucoup \u00e9prouv\u00e9e par la mort de quatre enfants en bas \u00e2ge. Th\u00e9r\u00e8se est donc celle que Dieu a offert non seulement \u00e0 cette belle famille aimante mais \u00e0 l\u2019Eglise comme un cadeau ultime et si pr\u00e9cieux. Cependant c\u2019est ce bain de vraie saintet\u00e9 familiale qui fut l\u2019espace o\u00f9 elle grandit, pour passer par des \u00e9tapes psychologiques difficiles et finalement se donner \u00e0 J\u00e9sus au Carmel alors qu\u2019elle a \u00e0 peine quinze ans. Un peu comme le jeune proph\u00e8te Daniel encore adolescent surprend les anciens de son clan par sa sagesse, Th\u00e9r\u00e8se voulait avancer vers l\u2019union \u00e0 J\u00e9sus car le temps pressait. Devenir vite sainte, tout son d\u00e9sir, et l\u2019Esprit Saint \u00e9tait l\u00e0, car il nous fallait ce fruit merveilleux pour faire face \u00e0 nos m\u00e9diocrit\u00e9s et \u00e0 notre attachement servile \u00e0 l\u2019esprit du monde. Son bonheur \u00e9tait J\u00e9sus, et la Vierge Marie la m\u00e8re de J\u00e9sus qui devint r\u00e9ellement sa m\u00e8re. Marie lui pr\u00e9sentait son Fils : \u00ab Celui qui me voit voit Celui qui m\u2019a envoy\u00e9 \u00bb (Jn 12, 45). Saint Jean, en cette p\u00e9ricope lue lors de la messe du jour, rapporte ces paroles si puissantes de J\u00e9sus, pour que nous comprenions que Lui seul r\u00e9v\u00e8le le visage du P\u00e8re du Ciel. Ce visage est tout spirituel car Dieu est pur esprit, mais nous en parlons ainsi pour tenter de dire quelque chose de compr\u00e9hensible sur la tendresse et la bienveillance de Dieu. Curieusement ces mots sont les derniers de J\u00e9sus avant la passion. Son arrestation au d\u00fb avoir lieu le soir m\u00eame. Ce visage que nous contemplons sera battu de coups, et pour reprendre Isa\u00efe \u00ab il \u00e9tait si d\u00e9figur\u00e9 qu\u2019il ne ressemblait plus \u00e0 un homme ; il n\u2019avait plus l\u2019apparence d\u2019un fils d\u2019homme \u00bb (Is 52,14). Th\u00e9r\u00e8se sera profond\u00e9ment attach\u00e9e \u00e0 son petit crucifix qu\u2019elle tient en main quand elle meure. Elle a fait le choix de s\u2019unir dans ses douleurs si terribles \u00e0 la souffrance de J\u00e9sus offerte pour notre Salut.<\/p>\n\n\n\n<p>Il est bien compliqu\u00e9 de parler de la souffrance. Monseigneur Fran\u00e7ois Marty, alors archev\u00eaque de Paris, conseillait aux jeunes pr\u00eatres de n\u2019en rien dire car ils ne savent pas de quoi ils parlent. Saint Paul \u00e9crivit : \u00ab Maintenant je trouve la joie dans les souffrances que je supporte pour vous ; ce qui reste \u00e0 souffrir des \u00e9preuves du Christ dans ma propre chair, je l\u2019accomplis pour son corps qui est l\u2019\u00c9glise. \u00bb (Col 1,24). Le Christ a pourtant tout rachet\u00e9 par sa passion et sa mort. Que manque-t-il ? En r\u00e9alit\u00e9 rien mais les membres de son corps sont associ\u00e9s myst\u00e9rieusement \u00e0 son offrande, certains plus encore comme saint Padre Pio en recevant les stigmates de la passion. Sainte Th\u00e9r\u00e8se dans son agonie vit cela dans son corps mais plus encore dans son \u00e2me qui passe par le tunnel de l\u2019obscurit\u00e9 spirituelle, appel\u00e9e nuit de la foi, et compatit avec les non-croyants qui ignorent voire qui ont rejet\u00e9 J\u00e9sus. Voici pourquoi le d\u00e9mon, l\u2019Antichrist, cherche par tous les moyens \u00e0 masquer le visage de J\u00e9sus, \u00e0 l\u2019interdire dans les lieux de vie et les \u00e9coles, \u00e0 proposer des satisfactions mondaines qui ne pourront pas r\u00e9pondre aux questions fondamentales des hommes mais qui les occupent jusqu\u2019au jour de la mort. Car si l\u2019homme est coup\u00e9 de J\u00e9sus, il est s\u00e9par\u00e9 du P\u00e8re et devient orphelin et abandonn\u00e9.<\/p>\n\n\n\n<p>Avec sainte Th\u00e9r\u00e8se, encourag\u00e9 par Saint Jean, comprenons que notre chemin est l\u00e0 avec J\u00e9sus : \u00ab Lui qui est si riche en gloire, qu\u2019il vous donne la puissance de son Esprit, pour que se fortifie en vous l\u2019homme int\u00e9rieur. Que le Christ habite en vos c\u0153urs par la foi ; restez enracin\u00e9s dans l&#8217;amour, \u00e9tablis dans l&#8217;amour. Ainsi vous serez capables de comprendre avec tous les fid\u00e8les quelle est la largeur, la longueur, la hauteur, la profondeur\u2026 Vous conna\u00eetrez ce qui d\u00e9passe toute connaissance : l\u2019amour du Christ. Alors vous serez combl\u00e9s jusqu\u2019\u00e0 entrer dans toute la pl\u00e9nitude de Dieu. \u00bb (Eph 3, 16-19) Ne vous d\u00e9couragez pas. Nous sommes devant nos faiblesses quand nous voyons une jeune sainte monter si haut les marches de la saintet\u00e9. Rappelez vous que l\u2019arme du mauvais est souvent ce d\u00e9couragement qui nous terrasse dans nos bonnes intentions. Avancez pas apr\u00e8s pas, aujourd\u2019hui, car \u00e0 chaque jour suffit sa peine, en faisant le bien avec discr\u00e9tion. Un jour nous nous verrons face \u00e0 face, au Ciel, avec Th\u00e9r\u00e8se et nos amis c\u00e9lestes et comme elle, nous entrerons dans la vie et la joie qui va avec. All\u00e9luia !<\/p>\n\n\n\n<p>Maintenant je vous b\u00e9nis au Nom du P\u00e8re et du Fils et du Saint Esprit.<\/p>\n\n\n\n<p>Et, en ce mois de mai, mois de Marie, nous nous confions \u00e0 la pri\u00e8re de la Vierge Marie, avec l\u2019Angelus :<\/p>\n\n\n\n<p><em>V. L\u2019ange du Seigneur apporta l\u2019annonce \u00e0 Marie<br>R\/ Et elle con\u00e7ut du Saint-Esprit.<\/em><\/p>\n\n\n\n<p><em>Je vous salue Marie, \u2026.<\/em><\/p>\n\n\n\n<p><em>V. Voici la Servante du Seigneur<br>R\/ Qu\u2019il me soit fait selon votre parole.<\/em><\/p>\n\n\n\n<p><em>Je vous salue Marie\u2026<\/em><\/p>\n\n\n\n<p><em>V. Et le Verbe s\u2019est fait chair<br>R\/ Et il a habit\u00e9 parmi nous.<\/em><\/p>\n\n\n\n<p><em>Je vous salue Marie\u2026<\/em><\/p>\n\n\n\n<p><em>V. Priez pour nous, sainte M\u00e8re de Dieu<br>R\/ Afin que nous soyons rendus dignes des promesses du Christ.<\/em><\/p>\n\n\n\n<p><em>Prions :<br>Que ta gr\u00e2ce, Seigneur, se r\u00e9pande en nos c\u0153urs. Par le message de l&#8217;ange, tu nous as fait conna\u00eetre l&#8217;Incarnation de ton Fils bien aim\u00e9, conduis-nous, par sa passion et par sa croix jusqu&#8217;\u00e0 la gloire de la r\u00e9surrection. Par le Christ, notre Seigneur. Amen<\/em><\/p>\n\n\n\n<div class=\"wp-block-columns\">\n<div class=\"wp-block-column\">\n<div class=\"wp-block-image\"><figure class=\"aligncenter size-large is-resized\"><img loading=\"lazy\" src=\"https:\/\/paroissesaintlaumer.com\/wp-content\/uploads\/2020\/05\/don_eglise.png\" alt=\"\" class=\"wp-image-1731\" width=\"258\" height=\"198\" srcset=\"https:\/\/paroissesaintlaumer.com\/wp-content\/uploads\/2020\/05\/don_eglise.png 537w, https:\/\/paroissesaintlaumer.com\/wp-content\/uploads\/2020\/05\/don_eglise-300x230.png 300w\" sizes=\"(max-width: 258px) 100vw, 258px\" \/><\/figure><\/div>\n\n\n\n<h5 class=\"has-vivid-red-color has-text-color has-text-align-center\">Donnez au Denier de l&#8217;Eglise<\/h5>\n\n\n\n<p class=\"has-text-color has-vivid-red-color\">Avec le confinement, notre dioc\u00e8se voit ses ressources s\u2019effondrer. Le Denier demeure LA ressource de l&#8217;Eglise n\u00e9cessaire \u00e0 la mission ! Merci car nous vous savons attach\u00e9s \u00e0 l&#8217;Eglise en Eure &amp; Loir. Soyez b\u00e9nis !<br><\/p>\n\n\n\n<div class=\"wp-block-buttons aligncenter\">\n<div class=\"wp-block-button\"><a class=\"wp-block-button__link has-background has-vivid-red-background-color\" href=\"https:\/\/4p3aj.r.a.d.sendibm1.com\/mk\/cl\/f\/cNumcVV0Yl3FsP5uVNBzzsPHzH4LsfZsjeZhsKlBEwNyXxQ8bXZAhxSEqjGsdTntHvd7jCJqgyLLePQLhIwHscomz0n5Q2yYfpWy0i2x_cwJDAkkVoQs0-XYdfmhDEfUsNac0MxgZiOe3VCcb8typkdjf5lyQkiTcC0rJzAjohdan0PdlFDlc00EpnRz4CG0\" style=\"border-radius:6px\" target=\"_blank\" rel=\"noreferrer noopener\">CLIQUEZ ICI ! MERCI<\/a><\/div>\n<\/div>\n<\/div>\n\n\n\n<div class=\"wp-block-column\">\n<div class=\"wp-block-image\"><figure class=\"aligncenter size-large is-resized\"><img loading=\"lazy\" src=\"https:\/\/paroissesaintlaumer.com\/wp-content\/uploads\/2020\/05\/statue_marie.jpg\" alt=\"\" class=\"wp-image-1732\" width=\"263\" height=\"197\" srcset=\"https:\/\/paroissesaintlaumer.com\/wp-content\/uploads\/2020\/05\/statue_marie.jpg 1024w, https:\/\/paroissesaintlaumer.com\/wp-content\/uploads\/2020\/05\/statue_marie-300x225.jpg 300w, https:\/\/paroissesaintlaumer.com\/wp-content\/uploads\/2020\/05\/statue_marie-768x576.jpg 768w\" sizes=\"(max-width: 263px) 100vw, 263px\" \/><\/figure><\/div>\n\n\n\n<h5 class=\"has-vivid-cyan-blue-color has-text-color has-text-align-center\">Mai, le Mois de Marie<\/h5>\n\n\n\n<p class=\"has-text-color has-vivid-cyan-blue-color\">Traditionnellement ce mois est pour la Vierge Marie. Allez dans votre \u00e9glise la prier avec le chapelet, mettez y un cierge. Dans nos familles, tournez vous avec confiance vers elle. Sa pri\u00e8re est puissante aupr\u00e8s de Dieu P\u00e8re.<br><\/p>\n\n\n\n<div class=\"wp-block-buttons aligncenter\">\n<div class=\"wp-block-button\"><a class=\"wp-block-button__link has-background has-vivid-cyan-blue-background-color\" href=\"https:\/\/4p3aj.r.a.d.sendibm1.com\/mk\/cl\/f\/EbqNxzLEGtlUFo6tRv3hhDg7vCb4T5WaWRtF8lh69VXJ7VBxvKaAP6hvYhMtNiBogZ6kjF5xswUFoyeUGpjzn_hR4ZyVHa2DlGF69sjBP89_dpmFGpYhFW3hhMyanb3m0xqzP3sHvC-MVJjNe_GHN4Ca1B-6CrYTc6byPBzcSIpP7Nvw5tlZ11bstMFpfeTeMso\" style=\"border-radius:6px\" target=\"_blank\" rel=\"noreferrer noopener\">LE MOIS DE MARIE !<\/a><\/div>\n<\/div>\n<\/div>\n<\/div>\n","protected":false},"excerpt":{"rendered":"<p>Chers amis et dioc\u00e9sains d\u2019Eure &amp; Loir, Quelle joie ce fut de regarder \u00ab Secret d\u2019Histoire \u00bb produit et anim\u00e9 par St\u00e9phane Bern qui a r\u00e9v\u00e9l\u00e9 l\u2019histoire et la figure&hellip; <\/p>\n","protected":false},"author":1,"featured_media":1793,"comment_status":"closed","ping_status":"open","sticky":false,"template":"","format":"standard","meta":{"ngg_post_thumbnail":0},"categories":[5],"tags":[],"_links":{"self":[{"href":"https:\/\/paroissesaintlaumer.com\/index.php\/wp-json\/wp\/v2\/posts\/1792"}],"collection":[{"href":"https:\/\/paroissesaintlaumer.com\/index.php\/wp-json\/wp\/v2\/posts"}],"about":[{"href":"https:\/\/paroissesaintlaumer.com\/index.php\/wp-json\/wp\/v2\/types\/post"}],"author":[{"embeddable":true,"href":"https:\/\/paroissesaintlaumer.com\/index.php\/wp-json\/wp\/v2\/users\/1"}],"replies":[{"embeddable":true,"href":"https:\/\/paroissesaintlaumer.com\/index.php\/wp-json\/wp\/v2\/comments?post=1792"}],"version-history":[{"count":2,"href":"https:\/\/paroissesaintlaumer.com\/index.php\/wp-json\/wp\/v2\/posts\/1792\/revisions"}],"predecessor-version":[{"id":1795,"href":"https:\/\/paroissesaintlaumer.com\/index.php\/wp-json\/wp\/v2\/posts\/1792\/revisions\/1795"}],"wp:featuredmedia":[{"embeddable":true,"href":"https:\/\/paroissesaintlaumer.com\/index.php\/wp-json\/wp\/v2\/media\/1793"}],"wp:attachment":[{"href":"https:\/\/paroissesaintlaumer.com\/index.php\/wp-json\/wp\/v2\/media?parent=1792"}],"wp:term":[{"taxonomy":"category","embeddable":true,"href":"https:\/\/paroissesaintlaumer.com\/index.php\/wp-json\/wp\/v2\/categories?post=1792"},{"taxonomy":"post_tag","embeddable":true,"href":"https:\/\/paroissesaintlaumer.com\/index.php\/wp-json\/wp\/v2\/tags?post=1792"}],"curies":[{"name":"wp","href":"https:\/\/api.w.org\/{rel}","templated":true}]}}