{"id":1799,"date":"2020-05-08T20:15:01","date_gmt":"2020-05-08T18:15:01","guid":{"rendered":"https:\/\/paroissesaintlaumer.com\/?p=1799"},"modified":"2020-05-08T20:15:37","modified_gmt":"2020-05-08T18:15:37","slug":"message-de-monseigneur-christory-du-vendredi-8-mai-2020-jesus-est-le-chemin-la-verite-et-la-vie","status":"publish","type":"post","link":"https:\/\/paroissesaintlaumer.com\/index.php\/2020\/05\/08\/message-de-monseigneur-christory-du-vendredi-8-mai-2020-jesus-est-le-chemin-la-verite-et-la-vie\/","title":{"rendered":"Message de Monseigneur Christory du vendredi 8 mai 2020. \u00ab J\u00e9sus est le chemin, la v\u00e9rit\u00e9 et la vie \u00bb"},"content":{"rendered":"\n<div class=\"wp-block-buttons aligncenter\">\n<div class=\"wp-block-button\"><a class=\"wp-block-button__link has-background has-vivid-cyan-blue-background-color\" href=\"https:\/\/4p3aj.r.a.d.sendibm1.com\/mk\/cl\/f\/NhNakICpMrsyiyam564DCBk_XaqyC_NFMYVrMZU8zSmB4JkMKBXcR6kErNVGKNVwrv2Xq5pLSO9eTqjodigj1P6g65OKhftTrqYQBOqtlN9jyZ4-b1wEliGKalENBYSMLO3REl_EBx-sdSGLRMaAMxKxgn4Gcdb_XRlgJX7dHLAXKfC1pnYjV3OhKMfkOQAq5HFcZu1pyq0sCafIlCkXDbCJIMLgO9_JUkbJNsDhN8rlRr-SvnBYmaHBwi5l8CniF3bT3Kfq0tfYZX5_\" style=\"border-radius:6px\" target=\"_blank\" rel=\"noreferrer noopener\">EN AUDIO : CLIQUER ICI<\/a><\/div>\n<\/div>\n\n\n\n<p>Chers amis et dioc\u00e9sains d\u2019Eure &amp; Loir,<\/p>\n\n\n\n<p>En ce vendredi 8 mai, nous comm\u00e9morons la fin tant esp\u00e9r\u00e9e de la guerre qui fit des dizaines de millions de victimes, soixante-quinze ann\u00e9es se sont \u00e9coul\u00e9es, depuis l\u2019Europe a v\u00e9cu presque partout en paix, et pourtant, alors que nous ne pouvons pas nous r\u00e9unir devant le monument aux morts de notre commune \u00e0 cause de la pand\u00e9mie, plane comme un voile de tristesse sur notre continent qui se cherche un futur sans l\u2019entrevoir. Notre soci\u00e9t\u00e9 manque de vue, n\u2019est pas heureuse, consomme \u00e0 tout va des antid\u00e9presseurs, et ne sait plus \u00e0 quelle sagesse elle peut puiser; alors ressurgissent les abominations du pass\u00e9, du communisme au fascisme, certes habill\u00e9s et color\u00e9s diff\u00e9remment mais assur\u00e9ment loin de J\u00e9sus-Christ, porteuses de conceptions anthropologiques souvent contre nature comme le gender ou le transhumanisme. L\u00e0 et maintenant, l\u2019Eglise a une place unique pour annoncer la paix et la Salut, le Christ. C\u2019est urgent.<\/p>\n\n\n\n<p>Or notre Eglise, le saint Corps du Christ, est aussi une famille de pauvres gens ! Qui de nous ne le serait pas en r\u00e9alit\u00e9 ? J\u00e9sus parle d\u2019un agriculteur ais\u00e9 : \u00ab Que vais-je faire ? Car je n\u2019ai pas de place pour mettre ma r\u00e9colte. Voici ce que je vais faire : je vais d\u00e9molir mes greniers, j\u2019en construirai de plus grands et j\u2019y mettrai tout mon bl\u00e9 et tous mes biens. Alors je me dirai \u00e0 moi-m\u00eame : Te voil\u00e0 donc avec de nombreux biens \u00e0 ta disposition, pour de nombreuses ann\u00e9es. Repose-toi, mange, bois, jouis de l\u2019existence. \u00bb (Lc 12,18-19). Or Dieu le traite de fou car le soir m\u00eame il rendra son \u00e2me ! Nous, catholiques, sommes aussi tent\u00e9s par une vie tranquille, sans vague et sans \u00eatre d\u00e9rang\u00e9. Ne doit-on pas r\u00e9aliser que nous sommes bien peu de chose ? Nous sommes pauvres, car nous n\u2019aimons pas assez. Et pourtant nous sommes tellement aim\u00e9s de Dieu !<\/p>\n\n\n\n<p>Alors quel est notre premier combat ? J\u00e9sus ne s\u2019est jamais oppos\u00e9 au pouvoir romain, qui \u00e9tait dans ses lois et ses moeurs bien loin de l\u2019id\u00e9al chr\u00e9tien. Sa parole appelait toujours ses fr\u00e8res \u00e0 la vraie conversion absolument n\u00e9cessaire. Devant la chute de la tour de Silo\u00e9, qui fit dix-huit morts, J\u00e9sus dit \u00e0 ceux qui pensaient qu\u2019ils \u00e9taient p\u00e9cheurs pour m\u00e9riter une telle mort : \u00ab Eh bien, je vous dis : pas du tout ! Mais si vous ne vous convertissez pas, vous p\u00e9rirez tous de m\u00eame. \u00bb (Lc 13,5) Hier, je vous parlais de Marie Porte du Ciel. Heureusement que la Vierge nous fait passer la porte car la porte est \u00e9troite et \u00ab qu\u2019il est plus facile \u00e0 un chameau de passer par un trou d\u2019aiguille qu\u2019\u00e0 un riche d\u2019entrer dans le royaume des Cieux. \u00bb (Mt 19,24) Voici clairement annonc\u00e9 que la bataille \u00e0 livrer dans notre propre Eglise est notre conversion au Christ, dans nos relations, nos vies et nos familles, nos moeurs et notre travail. L\u2019Eglise est toujours \u00e0 r\u00e9former de l\u2019int\u00e9rieur, soit en chacun de ses membres. Si il y a une victoire \u00e0 obtenir c\u2019est celle-l\u00e0.<\/p>\n\n\n\n<p>Hier, nous avons appris avec tristesse que le p\u00e8re Georges Finet, p\u00e8re spirituel de Marthe Robin et fondateur des foyers de charit\u00e9, a abus\u00e9 sexuellement de fillettes. Quel drame \u00e0 nouveau ! Comment comprendre que cet homme, comme d\u2019autres qui ont marqu\u00e9 par leur aura l\u2019Eglise de France il y a quelques d\u00e9cennies, a succomb\u00e9 \u00e0 ce grave p\u00e9ch\u00e9 ? Comment consoler ces enfants traumatis\u00e9s par la violence d\u2019un pr\u00eatre, venus en ce lieu de fraternit\u00e9 aupr\u00e8s de Notre-Dame des foyers \u00e0 Ch\u00e2teauneuf de Galaure ? C\u2019est pr\u00e9cis\u00e9ment l\u00e0 que j\u2019entendis l\u2019appel de Dieu \u00e0 \u00eatre pr\u00eatre, fin d\u00e9cembre 1986 lors d\u2019une retraite pr\u00each\u00e9e par le p\u00e8re Finet. Comment soutenir les membres des foyers consacr\u00e9s dans le c\u00e9libat pour le Royaume et vivant l\u00e0 en communaut\u00e9 pour animer des retraites spirituelles qui attirent tant de chr\u00e9tiens depuis 1936 ? Quelle tristesse pour tous ! Mais il est heureux que la v\u00e9rit\u00e9 sorte, car la purification et la conversion pr\u00e9parent le rocher de fondation pour reconstruire l\u2019Eglise, et ce rocher est la Parole v\u00e9cue dans la v\u00e9rit\u00e9. L\u2019Eglise souffre du p\u00e9ch\u00e9 de ses membres appel\u00e9s \u00e0 la saintet\u00e9 par l\u2019ordination sacerdotale. Ce p\u00e9ch\u00e9 devient un scandale au sens propre du mot, c\u2019est \u00e0 dire un obstacle qui fait chuter. Beaucoup tomberont encore sur le chemin de la foi, pr\u00e9f\u00e9rant quitter et vivre loin de l\u2019Eglise parce qu\u2019ils sont d\u00e9gout\u00e9s d\u2019apprendre une telle nouvelle. Comme le Christ doit souffrir et la Vierge Marie pleurer de voir ses enfants s\u2019\u00e9loigner de lui. Il est difficile de parler de tout cela car rien ne peut justifier les comportements d\u2019abus sexuels sur des enfants. Nous pouvons en ce vendredi nous mettre \u00e0 genoux et prier encore et encore le Seigneur de nous d\u00e9livrer et de ne pas se d\u00e9tourner de nous, car sans lui nous ne pouvons rien faire, sans lui nous sommes perdus.<\/p>\n\n\n\n<p>L\u2019\u0153uvre de l\u2019Esprit Saint est de nous faire reprendre le bon chemin. Le tentateur nous conduit sur des voies sans issue. La volont\u00e9 du P\u00e8re du Ciel est de nous conduire \u00e0 la vraie libert\u00e9 par le chemin difficile de la suite du Christ. Il est \u00ab le chemin, la v\u00e9rit\u00e9 et la vie. \u00bb (Jean 14,6) Soyons courageux et fid\u00e8les. Nous sommes dans une barque malmen\u00e9e par la temp\u00eate comme ce fut le cas souvent au long des si\u00e8cles et aujourd\u2019hui encore dans quelques pays o\u00f9 les pers\u00e9cutions antichr\u00e9tiennes sont fortes. Nous restons confiants sachant par l\u2019exp\u00e9rience que la gr\u00e2ce ne manque pas \u00e0 ceux qui sont vrais et fid\u00e8les. Relevons donc la t\u00eate, soyons des hommes et des femmes de pri\u00e8re, b\u00e2tissons notre vie sur la charit\u00e9, esp\u00e9rons toujours au-del\u00e0 de l\u2019horizon visible des choses, \u0153uvrons dans l\u2019Eglise et nettoyons-la de toutes nos infid\u00e9lit\u00e9s. Des jeunes gens se donnent dans la mission aupr\u00e8s des pauvres, assistent les personnes fragiles et handicap\u00e9es. Une nouvelle g\u00e9n\u00e9ration se l\u00e8ve. Nous sommes t\u00e9moin de la beaut\u00e9 de leurs c\u0153urs saisis par le Christ \u00e0 qui ils se donnent g\u00e9n\u00e9reusement. Chers jeunes, l\u2019Eglise vous soutiendra, vous accompagnera, faites lui confiance car la confiance est un don de l\u2019Esprit. Vous souffrez de voir vos ain\u00e9s trahir le Christ. Nous vous demandons de nous pardonner. Priez beaucoup pour rester dans la lumi\u00e8re. Chassez les oeuvres des t\u00e9n\u00e8bres. Ne craignez pas l\u2019esprit du monde mais opposez vous \u00e0 ses tentations. Discernez toute chose \u00e0 la lumi\u00e8re de la Parole de Dieu. Aimez vous ! Le Christ a fait une promesse \u00e0 chacun de nous : \u00ab P\u00e8re, ceux que tu m\u2019as donn\u00e9s, je veux que l\u00e0 o\u00f9 je suis, eux aussi soient avec moi, pour qu\u2019ils contemplent ma gloire. \u00bb (Jn 17,24) Vous avez compris que l\u2019ennemi \u00e0 combattre, c\u2019est toute forme d\u2019adh\u00e9sion au mensonge en soi-m\u00eame. L\u00e0 est la conversion. L\u00e0 est le chemin de la Vie.<\/p>\n\n\n\n<p>Maintenant je vous b\u00e9nis au Nom du P\u00e8re et du Fils et du Saint Esprit.<\/p>\n\n\n\n<p>Et, en ce mois de mai, mois de Marie, nous nous confions \u00e0 la pri\u00e8re de la Vierge Marie, avec l\u2019Angelus :<\/p>\n\n\n\n<p><em>V. L\u2019ange du Seigneur apporta l\u2019annonce \u00e0 Marie<br>R\/ Et elle con\u00e7ut du Saint-Esprit.<\/em><\/p>\n\n\n\n<p><em>Je vous salue Marie, \u2026.<\/em><\/p>\n\n\n\n<p><em>V. Voici la Servante du Seigneur<br>R\/ Qu\u2019il me soit fait selon votre parole.<\/em><\/p>\n\n\n\n<p><em>Je vous salue Marie\u2026<\/em><\/p>\n\n\n\n<p><em>V. Et le Verbe s\u2019est fait chair<br>R\/ Et il a habit\u00e9 parmi nous.<\/em><\/p>\n\n\n\n<p><em>Je vous salue Marie\u2026<\/em><\/p>\n\n\n\n<p><em>V. Priez pour nous, sainte M\u00e8re de Dieu<br>R\/ Afin que nous soyons rendus dignes des promesses du Christ.<\/em><\/p>\n\n\n\n<p><em>Prions :<br>Que ta gr\u00e2ce, Seigneur, se r\u00e9pande en nos c\u0153urs. Par le message de l&#8217;ange, tu nous as fait conna\u00eetre l&#8217;Incarnation de ton Fils bien aim\u00e9, conduis-nous, par sa passion et par sa croix jusqu&#8217;\u00e0 la gloire de la r\u00e9surrection. Par le Christ, notre Seigneur. Amen<\/em><\/p>\n\n\n\n<div class=\"wp-block-columns\">\n<div class=\"wp-block-column\">\n<div class=\"wp-block-image\"><figure class=\"aligncenter size-large is-resized\"><img loading=\"lazy\" src=\"https:\/\/paroissesaintlaumer.com\/wp-content\/uploads\/2020\/05\/don_eglise.png\" alt=\"\" class=\"wp-image-1731\" width=\"258\" height=\"198\" srcset=\"https:\/\/paroissesaintlaumer.com\/wp-content\/uploads\/2020\/05\/don_eglise.png 537w, https:\/\/paroissesaintlaumer.com\/wp-content\/uploads\/2020\/05\/don_eglise-300x230.png 300w\" sizes=\"(max-width: 258px) 100vw, 258px\" \/><\/figure><\/div>\n\n\n\n<h5 class=\"has-vivid-red-color has-text-color has-text-align-center\">Donnez au Denier de l&#8217;Eglise<\/h5>\n\n\n\n<p class=\"has-text-color has-vivid-red-color\">Avec le confinement, notre dioc\u00e8se voit ses ressources s\u2019effondrer. Le Denier demeure LA ressource de l&#8217;Eglise n\u00e9cessaire \u00e0 la mission ! Merci car nous vous savons attach\u00e9s \u00e0 l&#8217;Eglise en Eure &amp; Loir. Soyez b\u00e9nis !<br><\/p>\n\n\n\n<div class=\"wp-block-buttons aligncenter\">\n<div class=\"wp-block-button\"><a class=\"wp-block-button__link has-background has-vivid-red-background-color\" href=\"https:\/\/4p3aj.r.a.d.sendibm1.com\/mk\/cl\/f\/cNumcVV0Yl3FsP5uVNBzzsPHzH4LsfZsjeZhsKlBEwNyXxQ8bXZAhxSEqjGsdTntHvd7jCJqgyLLePQLhIwHscomz0n5Q2yYfpWy0i2x_cwJDAkkVoQs0-XYdfmhDEfUsNac0MxgZiOe3VCcb8typkdjf5lyQkiTcC0rJzAjohdan0PdlFDlc00EpnRz4CG0\" style=\"border-radius:6px\" target=\"_blank\" rel=\"noreferrer noopener\">CLIQUEZ ICI ! MERCI<\/a><\/div>\n<\/div>\n<\/div>\n\n\n\n<div class=\"wp-block-column\">\n<div class=\"wp-block-image\"><figure class=\"aligncenter size-large is-resized\"><img loading=\"lazy\" src=\"https:\/\/paroissesaintlaumer.com\/wp-content\/uploads\/2020\/05\/statue_marie.jpg\" alt=\"\" class=\"wp-image-1732\" width=\"263\" height=\"197\" srcset=\"https:\/\/paroissesaintlaumer.com\/wp-content\/uploads\/2020\/05\/statue_marie.jpg 1024w, https:\/\/paroissesaintlaumer.com\/wp-content\/uploads\/2020\/05\/statue_marie-300x225.jpg 300w, https:\/\/paroissesaintlaumer.com\/wp-content\/uploads\/2020\/05\/statue_marie-768x576.jpg 768w\" sizes=\"(max-width: 263px) 100vw, 263px\" \/><\/figure><\/div>\n\n\n\n<h5 class=\"has-vivid-cyan-blue-color has-text-color has-text-align-center\">Mai, le Mois de Marie<\/h5>\n\n\n\n<p class=\"has-text-color has-vivid-cyan-blue-color\">Traditionnellement ce mois est pour la Vierge Marie. Allez dans votre \u00e9glise la prier avec le chapelet, mettez y un cierge. Dans nos familles, tournez vous avec confiance vers elle. Sa pri\u00e8re est puissante aupr\u00e8s de Dieu P\u00e8re.<br><\/p>\n\n\n\n<div class=\"wp-block-buttons aligncenter\">\n<div class=\"wp-block-button\"><a class=\"wp-block-button__link has-background has-vivid-cyan-blue-background-color\" href=\"https:\/\/4p3aj.r.a.d.sendibm1.com\/mk\/cl\/f\/EbqNxzLEGtlUFo6tRv3hhDg7vCb4T5WaWRtF8lh69VXJ7VBxvKaAP6hvYhMtNiBogZ6kjF5xswUFoyeUGpjzn_hR4ZyVHa2DlGF69sjBP89_dpmFGpYhFW3hhMyanb3m0xqzP3sHvC-MVJjNe_GHN4Ca1B-6CrYTc6byPBzcSIpP7Nvw5tlZ11bstMFpfeTeMso\" style=\"border-radius:6px\" target=\"_blank\" rel=\"noreferrer noopener\">LE MOIS DE MARIE !<\/a><\/div>\n<\/div>\n<\/div>\n<\/div>\n","protected":false},"excerpt":{"rendered":"<p>Chers amis et dioc\u00e9sains d\u2019Eure &amp; Loir, En ce vendredi 8 mai, nous comm\u00e9morons la fin tant esp\u00e9r\u00e9e de la guerre qui fit des dizaines de millions de victimes, soixante-quinze&hellip; <\/p>\n","protected":false},"author":1,"featured_media":1801,"comment_status":"closed","ping_status":"open","sticky":false,"template":"","format":"standard","meta":{"ngg_post_thumbnail":0},"categories":[5],"tags":[],"_links":{"self":[{"href":"https:\/\/paroissesaintlaumer.com\/index.php\/wp-json\/wp\/v2\/posts\/1799"}],"collection":[{"href":"https:\/\/paroissesaintlaumer.com\/index.php\/wp-json\/wp\/v2\/posts"}],"about":[{"href":"https:\/\/paroissesaintlaumer.com\/index.php\/wp-json\/wp\/v2\/types\/post"}],"author":[{"embeddable":true,"href":"https:\/\/paroissesaintlaumer.com\/index.php\/wp-json\/wp\/v2\/users\/1"}],"replies":[{"embeddable":true,"href":"https:\/\/paroissesaintlaumer.com\/index.php\/wp-json\/wp\/v2\/comments?post=1799"}],"version-history":[{"count":2,"href":"https:\/\/paroissesaintlaumer.com\/index.php\/wp-json\/wp\/v2\/posts\/1799\/revisions"}],"predecessor-version":[{"id":1802,"href":"https:\/\/paroissesaintlaumer.com\/index.php\/wp-json\/wp\/v2\/posts\/1799\/revisions\/1802"}],"wp:featuredmedia":[{"embeddable":true,"href":"https:\/\/paroissesaintlaumer.com\/index.php\/wp-json\/wp\/v2\/media\/1801"}],"wp:attachment":[{"href":"https:\/\/paroissesaintlaumer.com\/index.php\/wp-json\/wp\/v2\/media?parent=1799"}],"wp:term":[{"taxonomy":"category","embeddable":true,"href":"https:\/\/paroissesaintlaumer.com\/index.php\/wp-json\/wp\/v2\/categories?post=1799"},{"taxonomy":"post_tag","embeddable":true,"href":"https:\/\/paroissesaintlaumer.com\/index.php\/wp-json\/wp\/v2\/tags?post=1799"}],"curies":[{"name":"wp","href":"https:\/\/api.w.org\/{rel}","templated":true}]}}