{"id":1847,"date":"2020-05-13T16:55:33","date_gmt":"2020-05-13T14:55:33","guid":{"rendered":"https:\/\/paroissesaintlaumer.com\/?p=1847"},"modified":"2020-05-13T16:55:33","modified_gmt":"2020-05-13T14:55:33","slug":"message-de-monseigneur-christory-du-mercredi-13-mai-2020-collaborer-pour-construire-notre-maison-commune-meditation-sur-lecologie-integrale","status":"publish","type":"post","link":"https:\/\/paroissesaintlaumer.com\/index.php\/2020\/05\/13\/message-de-monseigneur-christory-du-mercredi-13-mai-2020-collaborer-pour-construire-notre-maison-commune-meditation-sur-lecologie-integrale\/","title":{"rendered":"Message de Monseigneur Christory du mercredi 13 mai 2020. \u00ab Collaborer pour construire notre maison commune \u00bb M\u00e9ditation sur l\u2019\u00e9cologie int\u00e9grale."},"content":{"rendered":"\n<div class=\"wp-block-buttons aligncenter\">\n<div class=\"wp-block-button\"><a class=\"wp-block-button__link has-background has-vivid-red-background-color\" href=\"https:\/\/4p3aj.r.a.d.sendibm1.com\/mk\/cl\/f\/pt4pRbvS6VTZBaUguzDoKKiBe2cKDYI2Y4ex_sEh52HNnxQiRSgDcHmTVtUMFG3hcg7yOqL8EatZJmu8TH7d_RMH7hI-I8IyMSbhhorWRGMYexVDfLDBnxGZakCCeZnei-TXAZgw4M__dLmyTQmTsPEoiiFpokDqicYiBjXtrts9I0pcom2cfWAZTHpEUAXxYLgYPUn3uYU8NYBwb3d1H73opTsmNdKkiVlHKUphtBOJ0Ea6fdrcZOL923o7jLKTA4AyIvW_XH4-Z69_\" style=\"border-radius:6px\" target=\"_blank\" rel=\"noreferrer noopener\">EN AUDIO : CLIQUER ICI<\/a><\/div>\n<\/div>\n\n\n\n<p>Chers amis et dioc\u00e9sains d\u2019Eure &amp; Loir,<\/p>\n\n\n\n<p>Nous aurons ce 24 mai un anniversaire important. Il ne s\u2019agit pas d\u2019une personne mais d\u2019un texte du pape Fran\u00e7ois qui a beaucoup interpel\u00e9 \u00e0 l\u2019\u00e9poque de sa sortie. L\u2019encyclique Laudato Si, ce qui signifie \u00ab sois Lou\u00e9 \u00bb, d\u00e9veloppait sa vision de l\u2019\u00e9cologie int\u00e9grale. Quand vous regarderez votre jardin ou la campagne, quand vous \u00e9couterez les oiseaux chanter ou votre chat miauler, rendez gr\u00e2ce pour la plan\u00e8te et la nature, pour le bien qu\u2019il y a \u00e0 contempler. Sur ce texte, m\u00eame des non catholiques et des personnes ath\u00e9es se sont exprim\u00e9s en reconnaissant l\u2019importance du message. Citons par exemple Nicolas Hulot : \u00ab L\u2019\u00e2me du monde est malade et nous divaguons dans une profonde crise de sens. L\u2019homme n\u2019est plus reli\u00e9 \u00e0 rien, c\u2019est son d\u00e9sarroi tragique. Priv\u00e9 d\u2019horizon, l\u2019homme est mutil\u00e9. \u00bb Il continue son questionnement : \u00ab O\u00f9 est l\u2019homme universel, fraternel ? \u00bb Aussi l\u2019ancien ministre de l\u2019\u00e9cologie reconnait : \u00ab Ce texte peut \u00eatre une boussole providentielle dans un monde d\u00e9sorient\u00e9 pour retrouver du sens. Une passerelle inesp\u00e9r\u00e9e pour renouer avec l\u2019humilit\u00e9, la mod\u00e9ration et la solidarit\u00e9. \u00bb (Pr\u00e9face Laudato si \u00e9ditions Quasar)<\/p>\n\n\n\n<!--more-->\n\n\n\n<p>Nous aimons la nature. Nous achetons de plus en plus en circuit court. Nous r\u00e9fl\u00e9chissons \u00e0 nos achats. Pourquoi acheter des kiwis qui ont fait 20.000 kilom\u00e8tres depuis la Nouvelle-Z\u00e9lande quand la France est un gros producteur de kiwis ? Nous trouvons idiots d\u2019avoir dans nos supermarch\u00e9s cent produits presque identiques alors que l\u2019artisan local en produit un qui est bon, certes souvent un peu plus cher. Mais ne suffit-il pas d\u2019en manger moins pour que la d\u00e9pense diminue ? Certains diront que ce n\u2019est pas si simple. Certes, mais mieux vivre en consommant mieux est mieux, n\u2019est-ce pas ?<\/p>\n\n\n\n<p>La nature est une \u00e9cole de vie. De la chapelle de l\u2019\u00e9v\u00each\u00e9, lors des messes o\u00f9 parfois une distraction me saisit, j\u2019ai vu le soin d\u2019un couple de tourterelles qui b\u00e2tissait son nid dans une goutti\u00e8re. Curieux emplacement et m\u00eame dangereux me suis-je dit, mais tellement touchant de voir le m\u00e2le apporter dans son bec une brindille \u00e0 la fois et la donner \u00e0 sa compagne pour pr\u00e9parer l\u2019espace de la vie \u00e0 venir. Comment mes propres choix vont impacter l\u2019espace de vie des futures g\u00e9n\u00e9rations ? Comment je prends soin de la nature pour que dans vingt, cinquante ou cent ans, ce soit beau et vivable ?<\/p>\n\n\n\n<p>Parlons donc de ce texte et je me propose de le red\u00e9couvrir d\u2019ici le 24 mai. Surtout prenez le en main, relisez ces pages si instructives.<\/p>\n\n\n\n<p>Le pape nomme la terre notre \u00ab maison commune \u00bb, mais aussi \u00ab notre soeur \u00bb en reprenant les mots de saint Fran\u00e7ois d\u2019Assise qui demeure ce tr\u00e8s grand saint tellement attach\u00e9 \u00e0 J\u00e9sus que la tradition l\u2019a nomm\u00e9 l\u2019\u00ab alter-christus \u00bb soit l\u2019autre Christ. Cet homme destin\u00e9 \u00e0 devenir marchand de tissus comme son p\u00e8re, membre d\u2019une bourgeoisie riche, a tout laiss\u00e9 pour se donner \u00e0 Dieu quand il rencontre un l\u00e9preux rejet\u00e9 en qui il reconnait le visage souffrant de J\u00e9sus. Notre soeur disais-je mais aussi notre \u00ab m\u00e8re, belle, qui nous accueille \u00e0 bras ouvert \u00bb. N\u2019est-ce pas l\u2019occasion de regarder notre environnement diff\u00e9remment ? Si la terre est une soeur et une m\u00e8re, comment lui parler, comment la parcourir, comment la prot\u00e9ger ? Car le pape note que cette soeur crie \u00e0 cause de l\u2019utilisation irresponsable et l\u2019abus des biens dus aux hommes. Quelle en est la cause ? C\u2019est la violence qu\u2019il y a dans le coeur humain bless\u00e9. La terre est comme les pauvres, elle est opprim\u00e9e et d\u00e9vast\u00e9e.<\/p>\n\n\n\n<p>L\u2019intervention du pape Fran\u00e7ois sur ce sujet n\u2019est pas une nouveaut\u00e9 m\u00eame s\u2019il est vrai que ce texte permet un pas immense dans la r\u00e9flexion. Le pape saint Paul VI avait dit publiquement l\u2019urgence et la n\u00e9cessit\u00e9 d\u2019un changement radical devant la v\u00e9ritable catastrophe \u00e9cologique en vue, mais c\u2019\u00e9tait en 1970 et alors qui s\u2019en souciait ? Saint Jean-Paul II demandait une \u00ab conversion \u00e9cologique globale \u00bb ce qui inclut une \u00e9cologie humaine. Mais l\u00e0 aussi, devant les changements du monde, la chute de l\u2019empire sovi\u00e9tique, le d\u00e9veloppement nouveau d\u2019Internet, d\u2019autres sujets fascinaient. C\u2019est aussi le pape Beno\u00eet XVI qui voit combien tout est li\u00e9, que la nature ne peut pas \u00eatre sauv\u00e9e ind\u00e9pendamment de l\u2019homme, que le \u00ab livre de la nature \u00bb inclut l\u2019environnement, la vie, la sexualit\u00e9, la famille et les relations sociales. Or notre comportement est irresponsable car l\u2019homme ne donne pas de limites \u00e0 sa libert\u00e9. Pourquoi cela ? Car l\u2019homme ath\u00e9e et scientiste, mat\u00e9rialiste et consommateur devient son propre dieu. Voici ce que dit encore le pape Beno\u00eet : \u00ab le gaspillage des ressources de la Cr\u00e9ation commence l\u00e0 o\u00f9 nous ne reconnaissons plus aucune instance au-dessus de nous, mais ne voyons plus que nous-m\u00eames \u00bb. Dosto\u00efevski avait \u00e9crit : &#8220;Si Dieu n&#8217;existait pas, tout serait permis.&#8221;<\/p>\n\n\n\n<p>Devant ce constat, et je ne peux pas vous laisser dans la tristesse \u00e0 la fin de cette premi\u00e8re partie de ce texte, il faut affirmer qu\u2019il y a un chemin, difficile mais possible vers une autre vie. Le pape cite les mots plein de sagesse du patriarche de Constantinople Bartholom\u00e9e : \u00ab passer de la consommation au sacrifice, de l\u2019avidit\u00e9 \u00e0 la g\u00e9n\u00e9rosit\u00e9, du gaspillage \u00e0 la capacit\u00e9 de partager, dans une asc\u00e8se qui \u00ab signifie apprendre \u00e0 donner, et non simplement \u00e0 renoncer. C\u2019est une mani\u00e8re d\u2019aimer, de passer progressivement de ce que je veux \u00e0 ce dont le monde de Dieu a besoin. C\u2019est la lib\u00e9ration de la peur, de l\u2019avidit\u00e9, de la d\u00e9pendance. \u00bb<\/p>\n\n\n\n<p>Nous lirons demain un premier chapitre qui passe en revue ce qui se passe dans la maison. Or encore une fois, la vision de l\u2019Eglise est toujours qu\u2019il existe un avenir et Saint Fran\u00e7ois inspire notre intelligence vers une merveilleuse harmonie avec Dieu, avec les autres, avec la nature et avec soi-m\u00eame. Il s\u2019agit de faire un voyage tel un p\u00e8lerin, dans la lumi\u00e8re de l\u2019Esprit Saint, et emprunter un nouveau chemin. J\u2019ai confiance que des jeunes se l\u00e8vent, proph\u00e8tes d\u2019un nouvel art de vivre, non en s\u2019opposant \u00e0 ce qui fut fait, mais en construisant avec tous un projet fraternel dans lequel les besoins de tous sont consid\u00e9r\u00e9s \u00e0 commencer par ceux des pauvres, des personnes fragiles, de ceux qui ne sont pas consid\u00e9r\u00e9s. Et je cite encore le pape \u00ab Le monde est plus qu\u2019un probl\u00e8me \u00e0 r\u00e9soudre, il est un myst\u00e8re joyeux que nous contemplons dans la joie et dans la louange. \u00bb<\/p>\n\n\n\n<p>Maintenant je vous b\u00e9nis au Nom du P\u00e8re et du Fils et du Saint Esprit.<\/p>\n\n\n\n<p>Et, en ce mois de mai, mois de Marie, prions :<\/p>\n\n\n\n<p><em>V. L\u2019ange du Seigneur apporta l\u2019annonce \u00e0 Marie<br>R\/ Et elle con\u00e7ut du Saint-Esprit.<\/em><\/p>\n\n\n\n<p><em>Je vous salue Marie, \u2026.<\/em><\/p>\n\n\n\n<p><em>V. Voici la Servante du Seigneur<br>R\/ Qu\u2019il me soit fait selon votre parole.<\/em><\/p>\n\n\n\n<p><em>Je vous salue Marie\u2026<\/em><\/p>\n\n\n\n<p><em>V. Et le Verbe s\u2019est fait chair<br>R\/ Et il a habit\u00e9 parmi nous.<\/em><\/p>\n\n\n\n<p><em>Je vous salue Marie\u2026<\/em><\/p>\n\n\n\n<p><em>V. Priez pour nous, sainte M\u00e8re de Dieu<br>R\/ Afin que nous soyons rendus dignes des promesses du Christ.<\/em><\/p>\n\n\n\n<p><em>Prions :<br>Que ta gr\u00e2ce, Seigneur, se r\u00e9pande en nos c\u0153urs. Par le message de l&#8217;ange, tu nous as fait conna\u00eetre l&#8217;Incarnation de ton Fils bien aim\u00e9, conduis-nous, par sa passion et par sa croix jusqu&#8217;\u00e0 la gloire de la r\u00e9surrection. Par le Christ, notre Seigneur. Amen<\/em><\/p>\n\n\n\n<div class=\"wp-block-columns\">\n<div class=\"wp-block-column\">\n<div class=\"wp-block-image\"><figure class=\"aligncenter size-large is-resized\"><img loading=\"lazy\" src=\"https:\/\/paroissesaintlaumer.com\/wp-content\/uploads\/2020\/05\/don_eglise.png\" alt=\"\" class=\"wp-image-1731\" width=\"258\" height=\"198\" srcset=\"https:\/\/paroissesaintlaumer.com\/wp-content\/uploads\/2020\/05\/don_eglise.png 537w, https:\/\/paroissesaintlaumer.com\/wp-content\/uploads\/2020\/05\/don_eglise-300x230.png 300w\" sizes=\"(max-width: 258px) 100vw, 258px\" \/><\/figure><\/div>\n\n\n\n<h5 class=\"has-vivid-red-color has-text-color has-text-align-center\">Donnez au Denier de l&#8217;Eglise<\/h5>\n\n\n\n<p class=\"has-text-color has-vivid-red-color\">Avec le confinement, notre dioc\u00e8se voit ses ressources s\u2019effondrer. Le Denier demeure LA ressource de l&#8217;Eglise n\u00e9cessaire \u00e0 la mission ! Merci car nous vous savons attach\u00e9s \u00e0 l&#8217;Eglise en Eure &amp; Loir. Soyez b\u00e9nis !<br><\/p>\n\n\n\n<div class=\"wp-block-buttons aligncenter\">\n<div class=\"wp-block-button\"><a class=\"wp-block-button__link has-background has-vivid-red-background-color\" href=\"https:\/\/4p3aj.r.a.d.sendibm1.com\/mk\/cl\/f\/cNumcVV0Yl3FsP5uVNBzzsPHzH4LsfZsjeZhsKlBEwNyXxQ8bXZAhxSEqjGsdTntHvd7jCJqgyLLePQLhIwHscomz0n5Q2yYfpWy0i2x_cwJDAkkVoQs0-XYdfmhDEfUsNac0MxgZiOe3VCcb8typkdjf5lyQkiTcC0rJzAjohdan0PdlFDlc00EpnRz4CG0\" style=\"border-radius:6px\" target=\"_blank\" rel=\"noreferrer noopener\">CLIQUEZ ICI ! MERCI<\/a><\/div>\n<\/div>\n<\/div>\n\n\n\n<div class=\"wp-block-column\">\n<div class=\"wp-block-image\"><figure class=\"aligncenter size-large is-resized\"><img loading=\"lazy\" src=\"https:\/\/paroissesaintlaumer.com\/wp-content\/uploads\/2020\/05\/statue_marie.jpg\" alt=\"\" class=\"wp-image-1732\" width=\"263\" height=\"197\" srcset=\"https:\/\/paroissesaintlaumer.com\/wp-content\/uploads\/2020\/05\/statue_marie.jpg 1024w, https:\/\/paroissesaintlaumer.com\/wp-content\/uploads\/2020\/05\/statue_marie-300x225.jpg 300w, https:\/\/paroissesaintlaumer.com\/wp-content\/uploads\/2020\/05\/statue_marie-768x576.jpg 768w\" sizes=\"(max-width: 263px) 100vw, 263px\" \/><\/figure><\/div>\n\n\n\n<h5 class=\"has-vivid-cyan-blue-color has-text-color has-text-align-center\">Mai, le Mois de Marie<\/h5>\n\n\n\n<p class=\"has-text-color has-vivid-cyan-blue-color\">Traditionnellement ce mois est pour la Vierge Marie. Allez dans votre \u00e9glise la prier avec le chapelet, mettez y un cierge. Dans nos familles, tournez vous avec confiance vers elle. Sa pri\u00e8re est puissante aupr\u00e8s de Dieu P\u00e8re.<br><\/p>\n\n\n\n<div class=\"wp-block-buttons aligncenter\">\n<div class=\"wp-block-button\"><a class=\"wp-block-button__link has-background has-vivid-cyan-blue-background-color\" href=\"https:\/\/4p3aj.r.a.d.sendibm1.com\/mk\/cl\/f\/EbqNxzLEGtlUFo6tRv3hhDg7vCb4T5WaWRtF8lh69VXJ7VBxvKaAP6hvYhMtNiBogZ6kjF5xswUFoyeUGpjzn_hR4ZyVHa2DlGF69sjBP89_dpmFGpYhFW3hhMyanb3m0xqzP3sHvC-MVJjNe_GHN4Ca1B-6CrYTc6byPBzcSIpP7Nvw5tlZ11bstMFpfeTeMso\" style=\"border-radius:6px\" target=\"_blank\" rel=\"noreferrer noopener\">LE MOIS DE MARIE !<\/a><\/div>\n<\/div>\n<\/div>\n<\/div>\n","protected":false},"excerpt":{"rendered":"<p>Chers amis et dioc\u00e9sains d\u2019Eure &amp; Loir, Nous aurons ce 24 mai un anniversaire important. Il ne s\u2019agit pas d\u2019une personne mais d\u2019un texte du pape Fran\u00e7ois qui a beaucoup&hellip; <\/p>\n","protected":false},"author":1,"featured_media":1848,"comment_status":"closed","ping_status":"open","sticky":false,"template":"","format":"standard","meta":{"ngg_post_thumbnail":0},"categories":[5],"tags":[],"_links":{"self":[{"href":"https:\/\/paroissesaintlaumer.com\/index.php\/wp-json\/wp\/v2\/posts\/1847"}],"collection":[{"href":"https:\/\/paroissesaintlaumer.com\/index.php\/wp-json\/wp\/v2\/posts"}],"about":[{"href":"https:\/\/paroissesaintlaumer.com\/index.php\/wp-json\/wp\/v2\/types\/post"}],"author":[{"embeddable":true,"href":"https:\/\/paroissesaintlaumer.com\/index.php\/wp-json\/wp\/v2\/users\/1"}],"replies":[{"embeddable":true,"href":"https:\/\/paroissesaintlaumer.com\/index.php\/wp-json\/wp\/v2\/comments?post=1847"}],"version-history":[{"count":1,"href":"https:\/\/paroissesaintlaumer.com\/index.php\/wp-json\/wp\/v2\/posts\/1847\/revisions"}],"predecessor-version":[{"id":1849,"href":"https:\/\/paroissesaintlaumer.com\/index.php\/wp-json\/wp\/v2\/posts\/1847\/revisions\/1849"}],"wp:featuredmedia":[{"embeddable":true,"href":"https:\/\/paroissesaintlaumer.com\/index.php\/wp-json\/wp\/v2\/media\/1848"}],"wp:attachment":[{"href":"https:\/\/paroissesaintlaumer.com\/index.php\/wp-json\/wp\/v2\/media?parent=1847"}],"wp:term":[{"taxonomy":"category","embeddable":true,"href":"https:\/\/paroissesaintlaumer.com\/index.php\/wp-json\/wp\/v2\/categories?post=1847"},{"taxonomy":"post_tag","embeddable":true,"href":"https:\/\/paroissesaintlaumer.com\/index.php\/wp-json\/wp\/v2\/tags?post=1847"}],"curies":[{"name":"wp","href":"https:\/\/api.w.org\/{rel}","templated":true}]}}