{"id":1920,"date":"2020-05-31T09:35:35","date_gmt":"2020-05-31T07:35:35","guid":{"rendered":"https:\/\/paroissesaintlaumer.com\/?p=1920"},"modified":"2020-05-31T09:35:35","modified_gmt":"2020-05-31T07:35:35","slug":"homelie-du-pere-jean-pierre-pour-la-pentecote","status":"publish","type":"post","link":"https:\/\/paroissesaintlaumer.com\/index.php\/2020\/05\/31\/homelie-du-pere-jean-pierre-pour-la-pentecote\/","title":{"rendered":"Hom\u00e9lie du P\u00e8re Jean-Pierre pour la Pentec\u00f4te."},"content":{"rendered":"\n<div class=\"wp-block-image\"><figure class=\"aligncenter size-large\"><img loading=\"lazy\" width=\"400\" height=\"533\" src=\"https:\/\/paroissesaintlaumer.com\/wp-content\/uploads\/2017\/05\/pere_jean-pierre-omva-edou-st-laumer-perche.jpg\" alt=\"\" class=\"wp-image-20\" srcset=\"https:\/\/paroissesaintlaumer.com\/wp-content\/uploads\/2017\/05\/pere_jean-pierre-omva-edou-st-laumer-perche.jpg 400w, https:\/\/paroissesaintlaumer.com\/wp-content\/uploads\/2017\/05\/pere_jean-pierre-omva-edou-st-laumer-perche-225x300.jpg 225w\" sizes=\"(max-width: 400px) 100vw, 400px\" \/><\/figure><\/div>\n\n\n\n<p>Nous c\u00e9l\u00e9brons la f\u00eate de Pentec\u00f4te cinquante jours apr\u00e8s P\u00e2ques. Tout au long de cette p\u00e9riode, nous avons f\u00eat\u00e9 J\u00e9sus ressuscit\u00e9, vainqueur de la mort et du p\u00e9ch\u00e9. Il nous ouvre un passage vers ce monde nouveau qu\u2019il appelle le Royaume de Dieu. Il y a 10 jours, il s\u2019est manifest\u00e9 une derni\u00e8re fois \u00e0 ses ap\u00f4tres le jour de l\u2019Ascension. Le livre des Actes des Ap\u00f4tres pr\u00e9cise qu\u2019il \u00ab s\u2019\u00e9leva, et une nu\u00e9e vint le soustraire \u00e0 leurs yeux. \u00bb<\/p>\n\n\n\n<!--more-->\n\n\n\n<p>Voil\u00e0 comment le Christ ressuscit\u00e9 d\u2019entre les morts a disparu \u00e0 leur regard. Mais il ne les laisse pas orphelins : il leur promet qu\u2019ils vont \u00ab recevoir une force \u00bb, celle du Saint Esprit qui viendra sur eux. C\u2019est ce qui s\u2019est pass\u00e9 le jour de la Pentec\u00f4te : ce jour-l\u00e0, il y avait beaucoup de monde \u00e0 J\u00e9rusalem. Les gens \u00e9taient venus de partout pour f\u00eater le don de la loi \u00e0 Mo\u00efse et \u00e0 son peuple. \u00c0 l\u2019\u00e9poque, c\u2019\u00e9tait cela la Pentec\u00f4te. Mais ce jour-l\u00e0, rien ne se passe comme pr\u00e9vu. Saint Luc nous parle d\u2019un bruit pareil \u00e0 celui d\u2019un violent coup de vent et aussi d\u2019un feu qui se partageait en langues. C\u2019\u00e9tait le don de l\u2019Esprit Saint.<\/p>\n\n\n\n<p>\u00c0 ce moment-l\u00e0, tout est chang\u00e9 dans le c\u0153ur des ap\u00f4tres. La peur qui les paralysait est emport\u00e9e. Ils se mettent \u00e0 proclamer les merveilles de Dieu devant ceux-l\u00e0 m\u00eame qui ont fait mourir le Christ sur une croix. La premi\u00e8re de ces merveilles, c\u2019est l\u2019annonce de J\u00e9sus mort et ressuscit\u00e9. Et ce qui est extraordinaire, c\u2019est que chacun les entend dans sa propre langue. C\u2019est une mani\u00e8re de dire que l\u2019\u00c9vangile est pour tous, quel que soit leur pays. Il doit \u00eatre annonc\u00e9 \u00e0 toutes les nations. C\u2019est en vue de cette mission que l\u2019Esprit Saint leur est donn\u00e9. Le livre des Actes des Ap\u00f4tres nous donne leur t\u00e9moignage. En le lisant, nous d\u00e9couvrons que l\u2019Esprit Saint les a pr\u00e9c\u00e9d\u00e9s dans le c\u0153ur de ceux qu\u2019il met sur leur route.<\/p>\n\n\n\n<p>Mais pour continuer \u00e0 avancer, des r\u00e9visions sont n\u00e9cessaires. C\u2019est vrai pour une voiture et pour toute autre machine ayant un moteur. C\u2019est aussi vrai dans toute vie chr\u00e9tienne. Saint Paul, dans sa lettre aux Corinthiens, s\u2019adresse \u00e0 des chr\u00e9tiens divis\u00e9s. Il leur rappelle le r\u00f4le de l\u2019Esprit Saint \u00e0 l\u2019int\u00e9rieur de la communaut\u00e9. Chacun a son charisme, ses qualit\u00e9s. Personne ne doit m\u00e9priser l\u2019autre. Le fait d\u2019\u00eatre esclave ou homme libre, n\u2019a plus d\u2019importance. Dans l\u2019\u00c9glise de J\u00e9sus Christ, une seule chose compte : c\u2019est notre bapt\u00eame dans l\u2019Esprit Saint. Il fait de nous des fr\u00e8res.<\/p>\n\n\n\n<p>Fr\u00e8res et s\u0153urs chr\u00e9tiens, le r\u00f4le de l\u2019Esprit Saint c\u2019est de nous conduire vers la V\u00e9rit\u00e9 tout enti\u00e8re. Il nous rappelle les paroles de J\u00e9sus qui est venu nous r\u00e9v\u00e9ler le vrai Dieu, le Dieu Amour. Oui vivre la Pentec\u00f4te, c\u2019est accueillir ce don de Dieu et nous laisser impr\u00e9gner par son amour. Cela ne se r\u00e9alisera que si nous sommes humbles, enti\u00e8rement ouvert \u00e0 Dieu et aux autres. Si nous restons enferm\u00e9s dans nos certitudes et notre orgueil, rien ne sera possible. Apr\u00e8s l\u2019Ascension, les ap\u00f4tres ont pris du temps pour se pr\u00e9parer \u00e0 accueillir le don de Dieu.<\/p>\n\n\n\n<p>L\u2019\u00c9vangile nous ram\u00e8ne au soir de P\u00e2ques, cinquante jours plus t\u00f4t. Les disciples restaient enferm\u00e9s dans un lieu cach\u00e9 car ils avaient peur. Leur peur est parfois la n\u00f4tre. Dans un monde indiff\u00e9rent ou hostile \u00e0 la foi chr\u00e9tienne, il y a de quoi \u00eatre inquiet. Souvent, la tentation est de nous replier sur nous-m\u00eames. Mais comme au soir de P\u00e2ques, J\u00e9sus ressuscit\u00e9 nous rejoint l\u00e0 o\u00f9 nous en sommes. Ses premi\u00e8res paroles ne sont pas des reproches, mais un souhait de paix. Avec lui, nous retrouvons la vraie joie.<\/p>\n\n\n\n<p>Et malgr\u00e9 nos faiblesses et nos doutes, il continue \u00e0 nous faire confiance : \u00ab Comme le P\u00e8re m\u2019a envoy\u00e9, moi aussi, je vous envoie. \u00bb<\/p>\n\n\n\n<p>Oui, chers paroissiens, cette parole adress\u00e9e \u00e0 ses ap\u00f4tres, s\u2019adresse aussi \u00e0 nous aujourd\u2019hui. Le Christ compte sur chaque baptis\u00e9 pour \u00eatre messager de son \u00c9vangile. C\u2019est en vue de cette mission qu\u2019il nous donne son Esprit Saint. C\u2019est ce qui s\u2019est pass\u00e9 pour nous le jour de notre Confirmation. Ainsi, comme J\u00e9sus, nous pourrons vivre dans l\u2019amour du P\u00e8re qui veut le salut de tous nos fr\u00e8res, les hommes.<\/p>\n\n\n\n<p>\u00c0 la suite des ap\u00f4tres, l\u2019\u00c9glise est appel\u00e9e \u00e0 communiquer la paix et \u00e0 manifester le pardon. Cette paix, ce n\u2019est pas l\u2019absence de conflit ; c\u2019est d\u2019abord la paix int\u00e9rieure, c\u2019est la mis\u00e9ricorde, c\u2019est Dieu lui-m\u00eame. La Pentec\u00f4te, c\u2019est l\u2019Esprit Saint qui vient illuminer notre nuit. Prions-le pour qu\u2019il soit toujours avec nous ; qu\u2019il nous donne la force, et le courage d\u2019annoncer les merveilles de Dieu avec un z\u00e8le que rien ne saurait intimider.<\/p>\n\n\n\n<p class=\"has-background has-very-light-gray-background-color\"><em>Illustration : peinture de Jean Restout, La Pentec\u00f4te, 1732, huile sur toile, Paris, mus\u00e9e du Louvre<\/em><\/p>\n","protected":false},"excerpt":{"rendered":"<p>Nous c\u00e9l\u00e9brons la f\u00eate de Pentec\u00f4te cinquante jours apr\u00e8s P\u00e2ques. Tout au long de cette p\u00e9riode, nous avons f\u00eat\u00e9 J\u00e9sus ressuscit\u00e9, vainqueur de la mort et du p\u00e9ch\u00e9. Il nous&hellip; <\/p>\n","protected":false},"author":1,"featured_media":1921,"comment_status":"closed","ping_status":"open","sticky":false,"template":"","format":"standard","meta":{"ngg_post_thumbnail":0},"categories":[1],"tags":[],"_links":{"self":[{"href":"https:\/\/paroissesaintlaumer.com\/index.php\/wp-json\/wp\/v2\/posts\/1920"}],"collection":[{"href":"https:\/\/paroissesaintlaumer.com\/index.php\/wp-json\/wp\/v2\/posts"}],"about":[{"href":"https:\/\/paroissesaintlaumer.com\/index.php\/wp-json\/wp\/v2\/types\/post"}],"author":[{"embeddable":true,"href":"https:\/\/paroissesaintlaumer.com\/index.php\/wp-json\/wp\/v2\/users\/1"}],"replies":[{"embeddable":true,"href":"https:\/\/paroissesaintlaumer.com\/index.php\/wp-json\/wp\/v2\/comments?post=1920"}],"version-history":[{"count":1,"href":"https:\/\/paroissesaintlaumer.com\/index.php\/wp-json\/wp\/v2\/posts\/1920\/revisions"}],"predecessor-version":[{"id":1922,"href":"https:\/\/paroissesaintlaumer.com\/index.php\/wp-json\/wp\/v2\/posts\/1920\/revisions\/1922"}],"wp:featuredmedia":[{"embeddable":true,"href":"https:\/\/paroissesaintlaumer.com\/index.php\/wp-json\/wp\/v2\/media\/1921"}],"wp:attachment":[{"href":"https:\/\/paroissesaintlaumer.com\/index.php\/wp-json\/wp\/v2\/media?parent=1920"}],"wp:term":[{"taxonomy":"category","embeddable":true,"href":"https:\/\/paroissesaintlaumer.com\/index.php\/wp-json\/wp\/v2\/categories?post=1920"},{"taxonomy":"post_tag","embeddable":true,"href":"https:\/\/paroissesaintlaumer.com\/index.php\/wp-json\/wp\/v2\/tags?post=1920"}],"curies":[{"name":"wp","href":"https:\/\/api.w.org\/{rel}","templated":true}]}}