{"id":2110,"date":"2020-09-12T09:05:51","date_gmt":"2020-09-12T07:05:51","guid":{"rendered":"https:\/\/paroissesaintlaumer.com\/?p=2110"},"modified":"2020-09-12T09:05:51","modified_gmt":"2020-09-12T07:05:51","slug":"message-de-monseigneur-christory-du-vendredi-11-septembre-2020-donc-le-plein-accomplissement-de-la-loicest-lamour-rm-1310","status":"publish","type":"post","link":"https:\/\/paroissesaintlaumer.com\/index.php\/2020\/09\/12\/message-de-monseigneur-christory-du-vendredi-11-septembre-2020-donc-le-plein-accomplissement-de-la-loicest-lamour-rm-1310\/","title":{"rendered":"Message de Monseigneur Christory du vendredi 11 septembre 2020. \u00ab Donc, le plein accomplissement de la Loi,<br>c\u2019est l\u2019amour. \u00bb (Rm 13,10)"},"content":{"rendered":"\n<p>Chacun de nous a soif d\u2019amour. \u00catre aim\u00e9 et pouvoir aimer quelqu\u2019un est tellement important ! Cela nous diff\u00e9rentie des cr\u00e9atures vivantes, dont la m\u00e9moire instinctive, celle de leurs g\u00e8nes, commande leur agir. Ainsi le Tisserin fait-il un nid extraordinaire sans qu\u2019on lui ait appris. L\u2019homme a certes un corps, mais il a aussi une \u00e2me et un esprit qui lui permettent d\u2019exercer sa volont\u00e9. Il peut faire le choix, libre, d\u2019aimer, de se donner, gratuitement, pour le bonheur des autres ou d\u2019un autre dans le cadre du couple. C\u2019est ce que saint Jean-Paul II appelait la vocation sponsale, qui est inscrite dans le c\u0153ur de tout homme, qu\u2019il soit ou non mari\u00e9.<\/p>\n\n\n\n<!--more-->\n\n\n\n<div class=\"wp-block-buttons aligncenter\">\n<div class=\"wp-block-button\"><a class=\"wp-block-button__link has-black-color has-luminous-vivid-amber-background-color has-text-color has-background\" href=\"https:\/\/4p3aj.r.a.d.sendibm1.com\/mk\/cl\/f\/WLlQtt4lKXYD5p0C9fbYCwNE0TNSO3veAXT3zH9cgS56qTJSP-7p7vXx_v9LzFht3DZsRnfY2zhWQ-Rs4NWttaAyWQecpxhKzpI677UJPYl2Um8Pd39d7V7iKBgKg6G1yulri408EjO0N4kWpwtH2Ho_DomXUlBI0yzaP_r7vl_FDiS17EGxJsCvvcW08zfVql6f09hmFKoed1j9O7IkABUqlTVYjl1yLHPwywa6Fczu4qAeasvsN_xL8VIy9n3_WAnl16et-VSS0f1o\" style=\"border-radius:5px\" target=\"_blank\" rel=\"noreferrer noopener\">EN AUDIO : CLIQUER ICI<\/a><\/div>\n<\/div>\n\n\n\n<p>L\u2019homme est un \u00eatre de relation et de don. Toutes les lois du peuple juif comme celles de notre code civil balisent un cadre pour un vivre-ensemble harmonieux, mais elles sont inf\u00e9rieures dans leur statut face \u00e0 la vocation \u00e0 l\u2019amour qui les surpasse toutes. Si l\u2019un de nous aimait parfaitement, alors la plupart des lois civiles ne le concerneraient pas car il ne ferait rien aux d\u00e9pens des autres. Seul J\u00e9sus-Christ fut capable d\u2019un tel amour dans sa vie terrestre. C\u2019est en raison de cette vocation \u00e0 l\u2019amour que l\u2019\u00e9ducation de l\u2019enfant cherche \u00e0 \u00e9panouir sa capacit\u00e9 \u00e0 aimer et \u00e0 se donner pour le bien des autres. Nos \u00e9coles catholiques ont cette mission spirituelle. Elles s\u2019organisent pour apporter une sagesse, c\u2019est \u00e0 dire faire connaitre J\u00e9sus-Christ, source et mod\u00e8le de tout amour.<\/p>\n\n\n\n<p>Le lundi 31 ao\u00fbt, nous inaugurions le b\u00e2timent Charles P\u00e9guy au sein du lyc\u00e9e Notre-Dame de Chartres. Ce projet veut favoriser l\u2019enrichissement culturel et artistique des \u00e9l\u00e8ves. Au c\u0153ur de ce lieu, se trouve un bel oratoire qui poss\u00e8de un vitrail nouveau con\u00e7u par une classe d\u2019arts plastiques. Les \u00e9l\u00e8ves ont \u0153uvr\u00e9 avec la Maison Loir dont le savoir-faire est connu de tous les amateurs de vitrail. Cette \u0153uvre pr\u00e9sente, dans un style contemporain lumineux et color\u00e9, une Vierge Marie accroupie et pench\u00e9e vers J\u00e9sus. Il est repr\u00e9sent\u00e9 comme un enfant de quatre ans. L\u2019attitude de la Vierge est celle de l\u2019accueil, de la tendresse et de la douceur, de la vigilance envers son enfant et de la confiance qu\u2019elle lui donne. Ce nouveau lieu de pri\u00e8re est empreint de paix pour m\u00e9diter et prier. Les lyc\u00e9ens qui viennent \u00e9tudier en cet \u00e9tablissement sont ainsi conduits au plein de d\u00e9veloppement de tout leur \u00eatre, corps, esprit et \u00e2me. La force de l\u2019\u00e9ducation catholique est d\u2019offrir la possibilit\u00e9 de l\u2019int\u00e9riorit\u00e9 sans la masquer ou la r\u00e9server \u00e0 la sph\u00e8re priv\u00e9e de la vie personnelle. Ouvrir son \u00e2me \u00e0 la gr\u00e2ce, laisser son c\u0153ur \u00eatre rempli par la Parole divine, recevoir d\u2019en haut une sagesse qui viendra \u00e9clairer les connaissances acquises par l\u2019\u00e9tude, voici un projet digne de tout \u00eatre humain. Issu d\u2019un milieu simple, le grand po\u00e8te Charles P\u00e9guy, familier de Chartres o\u00f9 il vint en p\u00e8lerinage \u00e0 plusieurs reprises, notamment en 1912 et 1913, fut saisi par le Christ. Ses textes admirables m\u00e9ritent d\u2019\u00eatre lus. Habit\u00e9 par le Seigneur, il partit \u00e0 la guerre en 1914 pour d\u00e9fendre son Pays la France et fut tu\u00e9 cette m\u00eame ann\u00e9e. Tomb\u00e9 trop jeune, il laisse un h\u00e9ritage litt\u00e9raire magnifique. Qu\u2019un b\u00e2timent scolaire porte son nom n\u2019est pas anodin, et qu\u2019un oratoire en soit le c\u0153ur ne l\u2019est pas davantage.<\/p>\n\n\n\n<p>Ces lyc\u00e9ens sont le pr\u00e9sent de l\u2019\u00c9glise mais aussi son avenir. Si l\u2019un d\u2019eux lit mes lignes, je lui dis toute ma confiance pour qu\u2019il se mette \u00e0 l\u2019\u00e9coute de l\u2019Esprit Saint avec ses amis chr\u00e9tiens pour proposer des voies nouvelles pour la mission. Les disciples que J\u00e9sus appela en Palestine \u00e9taient des hommes jeunes qui avaient l\u2019\u00e2ge des \u00e9tudiants d\u2019aujourd\u2019hui. Parfois l\u2019iconographie tardive les a peints avec une barbe blanche, mais n\u2019\u00e9tait-ce pas pour exprimer la sagesse et l\u2019autorit\u00e9 ? Dans les faits, le Christ continue \u00e0 appeler des adolescents et des jeunes adultes pour leur proposer de tout lui sacrifier, de lui offrir leur vie, de partir vers cette soci\u00e9t\u00e9 pour annoncer l\u2019\u00c9vangile et soulager les pauvres dans la mis\u00e8re. Chers jeunes, dans ma pri\u00e8re et plus particuli\u00e8rement mon chapelet, je vous confie \u00e0 Marie. Si vous vous mettez \u00e0 son \u00e9cole, elle vous gardera dans la v\u00e9rit\u00e9 et la puret\u00e9, elle vous enseignera le don de soi, elle vous prot\u00e8gera des tentations du monde, elle vous portera vers la vraie libert\u00e9 qui consiste \u00e0 aimer sans condition. Cette vie lumineuse est possible dans tous les \u00e9tats de vie. Cependant, ceux qui donneront tout sans demeurer attach\u00e9s aux biens mat\u00e9riels et au confort exp\u00e9rimenteront la vraie joie, fruit de l\u2019Esprit, sp\u00e9cialement dans la rencontre des autres.<\/p>\n\n\n\n<p>Ces lignes, vous comprendrez qu\u2019il me faut plusieurs jours pour les \u00e9crire. C\u2019est devenu un plaisir de vous \u00e9crire. Presque une d\u00e9couverte. C\u2019est une joie de demander au Saint Esprit de passer par moi, par mes mots pour qu\u2019il nous parle et que nous puissions devenir, toujours plus, ces chr\u00e9tiens engag\u00e9s, ces t\u00e9moins envoy\u00e9s par J\u00e9sus-Christ \u00e0 la rencontre des hommes et des femmes de ce monde. Or il s\u2019av\u00e8re que ce 86\u00e8me message est \u00e9crit en le jour de la f\u00eate de sainte Teresa de Calcutta, appel\u00e9e couramment M\u00e8re Teresa. De nombreux \u00e9crits d\u00e9crivent sa vie religieuse, son \u00ab appel dans l\u2019appel \u00bb, c\u2019est \u00e0 dire, pour elle qui \u00e9tait une merveilleuse enseignante au sein de l\u2019\u00e9cole des S\u0153urs de Lorette de Calcutta, un appel \u00e0 tout quitter pour une \u0153uvre nouvelle. Quelle \u0153uvre le Seigneur lui demanda-t-il ? Fonder une congr\u00e9gation de s\u0153urs indiennes, les missionnaires de la Charit\u00e9, habill\u00e9es comme des indiennes, pauvres et ne poss\u00e9dant rien pas m\u00eame des b\u00e2timents, pour aller chercher dit-elle \u00ab au fond de leur trou \u00bb dans les bidonvilles de l\u2019Inde et du monde, les \u00e2mes et les sauver en leur d\u00e9voilant l\u2019Amour du Seigneur. Cet appel a retenti en elle par des voix et \u00e0 travers sa rencontre de personnes tr\u00e8s pauvres qu\u2019elle servait en allant les visiter. Cet appel, elle l\u2019a soumis \u00e0 son p\u00e8re spirituel et \u00e0 Monseigneur P\u00e9rier, \u00e9v\u00eaque de Calcutta, car elle ne voulait agir et partir que dans une totale ob\u00e9issance \u00e0 Dieu et \u00e0 son \u00c9glise. Elle ne retenait rien pour elle. Elle ne pr\u00e9tendait rien d\u2019elle-m\u00eame. Elle d\u00e9sirait seulement r\u00e9pondre \u00e0 un appel en voyant ces millions de pauvres afflig\u00e9s par la vie et les maladies, mourant parfois comme des chiens. Elle attendit longtemps, plusieurs ann\u00e9es, car son \u00e9v\u00eaque, homme sage et exp\u00e9riment\u00e9, voulait \u00eatre assur\u00e9 que ce projet \u00e9tait absolument de Dieu. Cette longue \u00e9preuve de l\u2019attente a muri en elle l\u2019offrande et le sacrifice. Son c\u0153ur \u00e9tait totalement donn\u00e9 \u00e0 Dieu, cependant qu\u2019un d\u00e9sir fort et urgent l\u2019envahissait. \u00c0 son \u00e9v\u00eaque qui lui demandait sa profonde motivation, elle \u00e9crivit simplement : \u00ab le salut des \u00e2mes, l\u2019apaisement de la soif d\u2019amour et des \u00e2mes du Christ, n\u2019est-ce pas assez grave ? \u00bb<\/p>\n\n\n\n<p>La figure de cette femme marqua plusieurs g\u00e9n\u00e9rations depuis les ann\u00e9es cinquante. Par elle, le Seigneur r\u00e9veilla bien des consciences politiques pour faire justice aux pauvres, aux abandonn\u00e9s, aux oubli\u00e9s. Nous savons que les jeunes chr\u00e9tiens d\u2019aujourd\u2019hui portent en eux une r\u00e9elle g\u00e9n\u00e9rosit\u00e9 pour prendre soin des autres et leur annoncer le Christ. M\u00e8re Teresa ne pr\u00e9tendait pas convertir les non chr\u00e9tiens, mais son seul tr\u00e9sor \u00e9tait J\u00e9sus-Christ \u00e0 qui elle offrait tout. Aussi sa vie devenait Parole divine, son regard laissait voir celui de J\u00e9sus compatissant, sa tendresse bouleversait. Elle \u00e9tait le visage de l\u2019\u00c9glise sans fronti\u00e8re, pench\u00e9e sur les souffrances de tout homme sans distinction de croyance.<\/p>\n\n\n\n<p>Pour conclure ce message spirituel, je voudrais rendre hommage \u00e0 une femme qui fit beaucoup parler des cur\u00e9s de paroisse et surtout des personnes qui donnent du temps pour aider les pr\u00eatres dans leur quotidien. Vous aurez compris que je veux nommer Annie Cordy qui a chant\u00e9 \u00ab je suis la bonne du cur\u00e9 \u00bb. Cette chanson, les plus jeunes ne l\u2019ont peut-\u00eatre pas entonn\u00e9e, mais les s\u00e9niors l\u2019ont souvent fredonn\u00e9e. Pour activer notre m\u00e9moire, voici le premier couplet \u00ab C&#8217;est point commode \/ C\u2019est d&#8217;\u00eatre \u00e0 la mode \/ Quand on est bonne du cur\u00e9 \/ C\u2019est pas facile d&#8217;avoir du style \/ Quand on est une fille comme mou\u00e9 \/ Entre la cure et les figures \/ Des grenouilles de b\u00e9nitier \/ La vie est dure \/ Quand on aime rigoler. \u00bb Notre ami St\u00e9phane Bern l\u2019appelle \u00ab la f\u00e9e de la bonne humeur. \u00bb Elle offrait merveilleusement son sourire. Belge, elle avait dans le c\u0153ur la chaleur des gens du Nord. J\u2019\u00e9mets le v\u0153u qu\u2019au sein de nos communaut\u00e9s paroissiales, nous ayons toujours sa joie \u00e0 partager. Certains ont des talents artistiques bien utiles pour l\u2019offrir. Mais tous, en choisissant la joie du c\u0153ur, nous contribuons \u00e0 embellir l\u2019\u00c9glise et le monde autour de nous. Soyons g\u00e9n\u00e9reux, car ce peut \u00eatre un p\u00e9ch\u00e9 que d\u2019\u00eatre triste ! La joie est contagieuse, Annie Cordy la vivait. Elle doit faire rire les anges et les saints maintenant.<\/p>\n\n\n\n<p><em>Avec la Vierge Marie, livrons-nous \u00e0 l\u2019Amour.<\/em><\/p>\n\n\n\n<p><em>Maintenant je vous b\u00e9nis au Nom du P\u00e8re et du Fils et du Saint Esprit.<\/em><\/p>\n\n\n\n<p><em>Ensemble, prions l\u2019Angelus.<\/em><\/p>\n\n\n\n<p><em>V. L\u2019ange du Seigneur apporta l\u2019annonce \u00e0 Marie<br>R\/ Et elle con\u00e7ut du Saint-Esprit.<\/em><\/p>\n\n\n\n<p><em>Je vous salue Marie, \u2026.<\/em><\/p>\n\n\n\n<p><em>V. Voici la Servante du Seigneur<br>R\/ Qu\u2019il me soit fait selon votre parole.<\/em><\/p>\n\n\n\n<p><em>Je vous salue Marie\u2026<\/em><\/p>\n\n\n\n<p><em>V. Et le Verbe s\u2019est fait chair<br>R\/ Et il a habit\u00e9 parmi nous.<\/em><\/p>\n\n\n\n<p><em>Je vous salue Marie\u2026<\/em><\/p>\n\n\n\n<p><em>V. Priez pour nous, sainte M\u00e8re de Dieu<br>R\/ Afin que nous soyons rendus dignes des promesses du Christ.<\/em><\/p>\n\n\n\n<p><em>Prions :<br>Que ta gr\u00e2ce, Seigneur, se r\u00e9pande en nos c\u0153urs. Par le message de l&#8217;ange, tu nous as fait conna\u00eetre l&#8217;Incarnation de ton Fils bien aim\u00e9, conduis-nous, par sa passion et par sa croix jusqu\u2019\u00e0 la gloire de sa r\u00e9surrection, par J\u00e9sus, le Christ notre Seigneur.<\/em><\/p>\n","protected":false},"excerpt":{"rendered":"<p>Chacun de nous a soif d\u2019amour. \u00catre aim\u00e9 et pouvoir aimer quelqu\u2019un est tellement important ! Cela nous diff\u00e9rentie des cr\u00e9atures vivantes, dont la m\u00e9moire instinctive, celle de leurs g\u00e8nes,&hellip; <\/p>\n","protected":false},"author":1,"featured_media":2106,"comment_status":"closed","ping_status":"open","sticky":false,"template":"","format":"standard","meta":{"ngg_post_thumbnail":0},"categories":[5],"tags":[],"_links":{"self":[{"href":"https:\/\/paroissesaintlaumer.com\/index.php\/wp-json\/wp\/v2\/posts\/2110"}],"collection":[{"href":"https:\/\/paroissesaintlaumer.com\/index.php\/wp-json\/wp\/v2\/posts"}],"about":[{"href":"https:\/\/paroissesaintlaumer.com\/index.php\/wp-json\/wp\/v2\/types\/post"}],"author":[{"embeddable":true,"href":"https:\/\/paroissesaintlaumer.com\/index.php\/wp-json\/wp\/v2\/users\/1"}],"replies":[{"embeddable":true,"href":"https:\/\/paroissesaintlaumer.com\/index.php\/wp-json\/wp\/v2\/comments?post=2110"}],"version-history":[{"count":1,"href":"https:\/\/paroissesaintlaumer.com\/index.php\/wp-json\/wp\/v2\/posts\/2110\/revisions"}],"predecessor-version":[{"id":2111,"href":"https:\/\/paroissesaintlaumer.com\/index.php\/wp-json\/wp\/v2\/posts\/2110\/revisions\/2111"}],"wp:featuredmedia":[{"embeddable":true,"href":"https:\/\/paroissesaintlaumer.com\/index.php\/wp-json\/wp\/v2\/media\/2106"}],"wp:attachment":[{"href":"https:\/\/paroissesaintlaumer.com\/index.php\/wp-json\/wp\/v2\/media?parent=2110"}],"wp:term":[{"taxonomy":"category","embeddable":true,"href":"https:\/\/paroissesaintlaumer.com\/index.php\/wp-json\/wp\/v2\/categories?post=2110"},{"taxonomy":"post_tag","embeddable":true,"href":"https:\/\/paroissesaintlaumer.com\/index.php\/wp-json\/wp\/v2\/tags?post=2110"}],"curies":[{"name":"wp","href":"https:\/\/api.w.org\/{rel}","templated":true}]}}