{"id":2212,"date":"2020-10-18T09:20:53","date_gmt":"2020-10-18T07:20:53","guid":{"rendered":"https:\/\/paroissesaintlaumer.com\/?p=2212"},"modified":"2020-10-18T09:20:53","modified_gmt":"2020-10-18T07:20:53","slug":"homelie-du-pere-jean-pierre-pour-le-29eme-dimanche-du-temps-ordinaire","status":"publish","type":"post","link":"https:\/\/paroissesaintlaumer.com\/index.php\/2020\/10\/18\/homelie-du-pere-jean-pierre-pour-le-29eme-dimanche-du-temps-ordinaire\/","title":{"rendered":"Hom\u00e9lie du P\u00e8re Jean-Pierre pour le 29\u00e8me dimanche du temps ordinaire"},"content":{"rendered":"\n<p>Fr\u00e8res et s\u0153urs chr\u00e9tiens, en ce 29\u00e8me dimanche du Temps ordinaire, la Parole de Dieu nous interpelle. Elle nous rappelle l\u2019importance que nous avons aux yeux de Dieu et le r\u00f4le que nous avons aupr\u00e8s des autres : \u201cJe t\u2019ai appel\u00e9 par ton nom. Je t\u2019ai donn\u00e9 un titre ; je suis le Seigneur et il n\u2019en est pas d\u2019autre.\u201d Cette bonne nouvelle a \u00e9t\u00e9 annonc\u00e9e \u00e0 un peuple qui vient de passer 50 ans en exil sur une terre \u00e9trang\u00e8re. Ce peuple an\u00e9anti et humili\u00e9 va pouvoir retrouver sa dignit\u00e9 et sa fiert\u00e9. Ce qui est extraordinaire, c\u2019est que Dieu se sert d\u2019un roi pa\u00efen pour r\u00e9aliser son projet de salut. Cyrus, roi de Perse est devenu l\u2019homme providentiel qui permettra au peuple d\u2019Isra\u00ebl de retrouver sa terre.<\/p>\n\n\n\n<!--more-->\n\n\n\n<p>\u00c0 travers ce texte du proph\u00e8te Isa\u00efe, nous entrevoyons un autre lib\u00e9rateur : il s\u2019agit de J\u00e9sus lui-m\u00eame. Avec lui, il ne s\u2019agit plus d\u2019un peuple particulier (Isra\u00ebl) qui est sauv\u00e9. J\u00e9sus vient sauver tous les peuples du monde. Il nous voit plong\u00e9s dans notre p\u00e9ch\u00e9, loin de Dieu. Il a livr\u00e9 son Corps et vers\u00e9 son Sang pour nous et pour la multitude. Il veut associer tous les hommes \u00e0 sa victoire sur la mort et le p\u00e9ch\u00e9. Le mois d\u2019octobre, mois missionnaire est l\u00e0 pour nous rappeler \u00e0 \u00eatre missionnaires ; \u00ab Aller vers \u00bb\u2026un des axes du projet pastoral missionnaire de notre paroisse Saint Laumer du Perche.<\/p>\n\n\n\n<p>Oui, fr\u00e8res et s\u0153urs chr\u00e9tiens, nous sommes envoy\u00e9s pour annoncer \u201cla joie de l\u2019\u00c9vangile\u201d ; c\u2019est l\u2019appel que nous adresse le pape Fran\u00e7ois : \u201cla joie de l\u2019\u00c9vangile remplit le c\u0153ur de ceux qui rencontrent J\u00e9sus.\u201d C\u2019est cette joie que nous avons \u00e0 communiquer et \u00e0 rayonner dans ce monde qui en a bien besoin. Devant ce d\u00e9sert spirituel, la tentation est grande de se d\u00e9courager et de dire que \u00e7a ne sert \u00e0 rien. Mais dans ce d\u00e9sert, \u201cil faut des hommes de foi, qui par l\u2019exemple de leur vie, montrent le chemin vers la Terre promise et ainsi, tiennent en \u00e9veil l\u2019esp\u00e9rance\u201d. (Pape Fran\u00e7ois)<\/p>\n\n\n\n<p>C\u2019est de cette esp\u00e9rance dont il est question dans la seconde lecture; L\u2019Ap\u00f4tre Paul d\u00e9couvre chez les chr\u00e9tiens de Thessalonique une foi vivante. Il a annonc\u00e9 l\u2019\u00c9vangile \u00e0 des gens qui ne le connaissaient pas. Ces pa\u00efens ont accueilli la Bonne nouvelle et se sont convertis \u00e0 J\u00e9sus Christ. Mais il d\u00e9couvre que le principal travail, c\u2019est Dieu qui le fait dans le c\u0153ur des hommes.<\/p>\n\n\n\n<p>Cette annonce de l\u2019\u00c9vangile n\u2019a pas \u00e9t\u00e9 facile pour les envoy\u00e9s. Ils se sont trouv\u00e9s affront\u00e9s \u00e0 des gens qui ont cherch\u00e9 \u00e0 le discr\u00e9diter. C\u2019est ce qui s\u2019est pass\u00e9 pour J\u00e9sus tout au long de son minist\u00e8re.<\/p>\n\n\n\n<p>Dans l\u2019\u00c9vangile d\u2019aujourd\u2019hui, nous voyons les pharisiens et les partisans d\u2019H\u00e9rode se mettre d\u2019accord pour lui tendre un pi\u00e8ge ; ils commencent par faire l\u2019\u00e9loge de sa franchise, de sa rectitude et de son int\u00e9grit\u00e9 ; mais ce langage flatteur vire progressivement vers un complot contre J\u00e9sus : \u201cEst-il permis, oui ou non, de payer l\u2019imp\u00f4t \u00e0 l\u2019empereur C\u00e9sar ?\u201d<\/p>\n\n\n\n<p>Aujourd\u2019hui encore, ces oppositions \u00e0 l\u2019\u00c9vangile sont toujours d\u2019actualit\u00e9 : la tentation est grande de mettre hors circuit ceux qui nous remettent en question et nous poussent \u00e0 changer. Souvent, quand la parole de l\u2019\u00c9glise nous d\u00e9range, on fait tout pour la discr\u00e9diter. Mais rien ne doit arr\u00eater l\u2019annonce de la bonne nouvelle. Le Christ compte sur chacun de nous pour \u00eatre les t\u00e9moins et les messagers de ces paroles de la Vie \u00c9ternelle. L\u2019\u00c9vangile de ce dimanche, nous montre comment J\u00e9sus repr\u00e9cise les choses : \u201cRendez \u00e0 C\u00e9sar ce qui est \u00e0 C\u00e9sar et \u00e0 Dieu ce qui est \u00e0 Dieu.\u201d Certains pourraient croire que J\u00e9sus nous invite \u00e0 un partage clair entre les deux domaines (temporel et spirituel). Pour beaucoup c\u2019est \u201cla semaine \u00e0 C\u00e9sar et le dimanche \u00e0 Dieu. Mais ce n\u2019est pas cela que J\u00e9sus nous demande. Rendre \u00e0 Dieu ce qui est \u00e0 Dieu, \u201cc\u2019est reconna\u00eetre, face \u00e0 n\u2019importe quel type de pouvoir que Dieu est le Seigneur de l\u2019homme et qu\u2019il n\u2019y en a pas d\u2019autre\u201d (pape Fran\u00e7ois). Rendre \u00e0 Dieu ce qui est \u00e0 Dieu, c\u2019est s\u2019ouvrir \u00e0 sa volont\u00e9 et coop\u00e9rer \u00e0 son Royaume de mis\u00e9ricorde, d\u2019amour et de paix.\u201d<\/p>\n\n\n\n<p>Rendez \u00e0 C\u00e9sar ce qui lui appartient et \u00e0 Dieu ce qui lui revient. Nous savons que les empereurs romains se faisaient v\u00e9n\u00e9rer comme des dieux. C\u2019est vrai encore aujourd\u2019hui. Des hauts plac\u00e9s se prennent pour le \u201cBon Dieu\u201d. Parfois, on fait appel \u00e0 eux ; on accepte des compromissions qui ne sont pas toujours en accord avec notre conscience. Quand l\u2019argent est roi, les r\u00e8gles du jeu sont fauss\u00e9es.<\/p>\n\n\n\n<p>Rendre \u00e0 c\u00e9sar ce qui est \u00e0 c\u00e9sar, c\u2019est participer \u00e0 l\u2019organisation de la soci\u00e9t\u00e9 dans laquelle nous vivons, c\u2019est assainir les relations en les fondant sur la loyaut\u00e9, c\u2019est assumer nos t\u00e2ches dans les divers domaines de la vie sociale, \u00e9conomique et familiale. Nous avons tous \u00e0 lutter pour que la dignit\u00e9 des plus pauvres soit reconnue et respect\u00e9e. C\u2019est dans ce monde tel qu\u2019il est que nous sommes envoy\u00e9s comme messagers de l\u2019\u00c9vangile. Chr\u00e9tiens mes fr\u00e8res, en ce mois missionnaire, nous sommes mis devant nos responsabilit\u00e9s. Le Christ nous veut en \u00e9tat de mission : Cr\u00e9er des liens, Aller vers, \u00eatre signe visible de l\u2019amour du Christ pour nos fr\u00e8res en humanit\u00e9.<\/p>\n\n\n\n<p>En c\u00e9l\u00e9brant cette Eucharistie, nous voulons, Seigneur, te rendre ce qui te revient. Nous t\u2019offrons tous les actes de foi, d\u2019esp\u00e9rance et de charit\u00e9 qui \u00e9maillent de nos vies et de celles de tous nos fr\u00e8res. Avec toi nous nous engageons \u00e0 tout faire pour que l\u2019amour l\u2019emporte sur la haine et la violence. Sois avec nous pour que l\u2019\u00c9vangile soit annonc\u00e9 dans le monde entier.<\/p>\n\n\n\n<p>Sainte Marie, M\u00e8re de Dieu, M\u00e8re de l\u2019Eglise, priez pour nous !<\/p>\n","protected":false},"excerpt":{"rendered":"<p>Fr\u00e8res et s\u0153urs chr\u00e9tiens, en ce 29\u00e8me dimanche du Temps ordinaire, la Parole de Dieu nous interpelle. Elle nous rappelle l\u2019importance que nous avons aux yeux de Dieu et le&hellip; <\/p>\n","protected":false},"author":1,"featured_media":20,"comment_status":"closed","ping_status":"open","sticky":false,"template":"","format":"standard","meta":{"ngg_post_thumbnail":0},"categories":[1],"tags":[],"_links":{"self":[{"href":"https:\/\/paroissesaintlaumer.com\/index.php\/wp-json\/wp\/v2\/posts\/2212"}],"collection":[{"href":"https:\/\/paroissesaintlaumer.com\/index.php\/wp-json\/wp\/v2\/posts"}],"about":[{"href":"https:\/\/paroissesaintlaumer.com\/index.php\/wp-json\/wp\/v2\/types\/post"}],"author":[{"embeddable":true,"href":"https:\/\/paroissesaintlaumer.com\/index.php\/wp-json\/wp\/v2\/users\/1"}],"replies":[{"embeddable":true,"href":"https:\/\/paroissesaintlaumer.com\/index.php\/wp-json\/wp\/v2\/comments?post=2212"}],"version-history":[{"count":1,"href":"https:\/\/paroissesaintlaumer.com\/index.php\/wp-json\/wp\/v2\/posts\/2212\/revisions"}],"predecessor-version":[{"id":2213,"href":"https:\/\/paroissesaintlaumer.com\/index.php\/wp-json\/wp\/v2\/posts\/2212\/revisions\/2213"}],"wp:featuredmedia":[{"embeddable":true,"href":"https:\/\/paroissesaintlaumer.com\/index.php\/wp-json\/wp\/v2\/media\/20"}],"wp:attachment":[{"href":"https:\/\/paroissesaintlaumer.com\/index.php\/wp-json\/wp\/v2\/media?parent=2212"}],"wp:term":[{"taxonomy":"category","embeddable":true,"href":"https:\/\/paroissesaintlaumer.com\/index.php\/wp-json\/wp\/v2\/categories?post=2212"},{"taxonomy":"post_tag","embeddable":true,"href":"https:\/\/paroissesaintlaumer.com\/index.php\/wp-json\/wp\/v2\/tags?post=2212"}],"curies":[{"name":"wp","href":"https:\/\/api.w.org\/{rel}","templated":true}]}}