{"id":2263,"date":"2020-11-01T10:13:29","date_gmt":"2020-11-01T09:13:29","guid":{"rendered":"https:\/\/paroissesaintlaumer.com\/?p=2263"},"modified":"2020-11-01T10:13:29","modified_gmt":"2020-11-01T09:13:29","slug":"homelie-du-pere-jean-pierre-pour-la-fete-de-la-toussaint","status":"publish","type":"post","link":"https:\/\/paroissesaintlaumer.com\/index.php\/2020\/11\/01\/homelie-du-pere-jean-pierre-pour-la-fete-de-la-toussaint\/","title":{"rendered":"Hom\u00e9lie du P\u00e8re Jean-Pierre pour la f\u00eate de la Toussaint"},"content":{"rendered":"\n<p>Nous voici parvenus \u00e0 la f\u00eate de Toussaint. Nous avons peut-\u00eatre du mal \u00e0 en faire une f\u00eate joyeuse. Toutes ces visites aux cimeti\u00e8res r\u00e9veillent en nous de douloureux souvenirs. En ce jour, beaucoup se sont mis en route vers la terre de leur famille pour se souvenir de ceux qui nous ont pr\u00e9c\u00e9d\u00e9s. Toutes ces fleurs que nous avons d\u00e9pos\u00e9es sur les tombes de nos d\u00e9funts veulent t\u00e9moigner de l\u2019affection que nous leur portons.<\/p>\n\n\n\n<!--more-->\n\n\n\n<p>C\u2019est vrai, nous ne pouvons pas faire moins un jour de Toussaint. Mais nous pouvons faire beaucoup mieux. Cette journ\u00e9e est bien plus que celle du souvenir. C\u2019est surtout la f\u00eate de l\u2019avenir. Oui, fr\u00e8res et s\u0153urs chr\u00e9tiens, La saintet\u00e9 c\u2019est en effet l\u2019avenir propos\u00e9 par Dieu \u00e0 tous les hommes. Tous les hommes sont appel\u00e9s \u00e0 devenir des saints. Le probl\u00e8me c\u2019est que, trop souvent, nous parlons bien mal de la saintet\u00e9 ; nous nous en faisons une fausse image. Nous imaginons les saints comme des \u00eatres lointains, bien au-dessus de nous, qui ont accomplis des performances extraordinaires \u00e0 coups de renoncements et de sacrifices exceptionnels.<\/p>\n\n\n\n<p>La premi\u00e8re chose que nous ne devons jamais oublier, c\u2019est que Dieu seul est saint. La premi\u00e8re lecture nous dit que c\u2019est lui qui marque et qui rassemble le peuple \u00e9lu. C\u2019est lui qui offre \u00e0 tous, le v\u00e9ritable bonheur. Tous ces hommes et ces femmes qui ont \u00e9t\u00e9 reconnus saints, \u00e9taient des gens comme nous. Ils ont connu comme nous les limites de la nature humaine. Mais ils se sont livr\u00e9s tout entiers, avec leurs qualit\u00e9s, leurs d\u00e9fauts et leurs passions au dynamisme de Dieu et \u00e0 son amour passionn\u00e9. Tous ces morts que nous pensions emport\u00e9s dans la tourmente sont avec J\u00e9sus dans le bonheur de son Royaume. Ils ont obtenu la r\u00e9compense de leur amour et de leur fid\u00e9lit\u00e9. Ce message est important pour notre \u00e9poque troubl\u00e9e et boulevers\u00e9e. Accueillons-le comme un appel \u00e0 r\u00e9chauffer notre esp\u00e9rance.<\/p>\n\n\n\n<p>Les chr\u00e9tiens d\u2019aujourd\u2019hui comme ceux d\u2019autrefois ont besoin des h\u00e9ros, oui, notre monde d\u2019aujourd\u2019hui a besoin des mod\u00e8les. Il y a quelques semaines, nous avons fait un p\u00e8lerinage \u00e0 Chartres \u00ab Sur les pas de Franz Stock \u00bb. Cette ann\u00e9e pastorale aussi, dans notre paroisse, nous voulons conformer notre vie chr\u00e9tienne \u00e0 celle de St. Joseph. Ce n\u2019est pas de l\u2019utopie. Osons aller au large. Oui, la perfection chr\u00e9tienne est r\u00e9alisable. La Saintet\u00e9 est possible.<\/p>\n\n\n\n<p>N\u2019oublions jamais qu\u2019avant d\u2019\u00eatre mis sur un pi\u00e9destal, les saints ont chemin\u00e9 comme chacun de nous. Leur vie a \u00e9t\u00e9 un combat contre les forces du mal. Ce que Dieu a r\u00e9alis\u00e9 pour chacun d\u2019eux, il le veut aussi pour nous. Nous partageons avec eux la m\u00eame vocation. Pour y parvenir, J\u00e9sus nous montre le chemin. C\u2019est l\u2019\u00e9vangile qui vient d\u2019\u00eatre lu.<\/p>\n\n\n\n<p>\u00ab Heureux les pauvres de c\u0153ur ! \u00bb Ne nous y trompons pas. Cette pauvret\u00e9 dont parle J\u00e9sus n\u2019est pas la mis\u00e8re. La pauvret\u00e9 est toujours un fl\u00e9au contre lequel il nous faut lutter en lien avec les organismes de solidarit\u00e9. L\u2019hiver qui arrive est l\u00e0 pour nous le rappeler. Le bonheur des pauvres de c\u0153ur dont parle J\u00e9sus, c\u2019est tout autre chose. Et il ne concerne pas que la vie future ; il est surtout pour la vie pr\u00e9sente : J\u00e9sus promet le bonheur imm\u00e9diat \u00e0 ceux qui ne sont pas pleins d\u2019eux-m\u00eames mais qui sont aptes \u00e0 accueillir le Royaume de Dieu. Ici la pauvret\u00e9 est avant tout une disposition du c\u0153ur.<\/p>\n\n\n\n<p>Pour comprendre toute la port\u00e9e de ces b\u00e9atitudes, c\u2019est vers le Christ que nous devons nous tourner. Il est le pauvre de c\u0153ur qui attend tout de Dieu et qui choisit de lui \u00eatre fid\u00e8le jusqu\u2019au bout. Il est le doux, celui qui rel\u00e8ve la femme adult\u00e8re sans brusquer ses accusateurs. Il ne cherche pas \u00e0 mettre les coupables dans l\u2019embarras ; et surtout il se r\u00e9jouit quand il rencontre des gens de bonne volont\u00e9 (Zach\u00e9e qui s\u2019est engag\u00e9 \u00e0 rembourser ses victimes et \u00e0 partager avec les pauvres). Il est le mis\u00e9ricordieux qui se penche vers les mis\u00e8res physiques et morales et qui cherche \u00e0 les apaiser. Il est l\u2019artisan de paix qui invite sans cesse \u00e0 pardonner et qui a donn\u00e9 l\u2019exemple sur la croix : \u00ab P\u00e8re, pardonne-leur, ils ne savent pas ce qu\u2019ils font. \u00bb Quant \u00e0 \u00eatre pers\u00e9cut\u00e9, il suffit de lire la Passion pour s\u2019en rendre compte. Lui le Fils de Dieu a \u00e9t\u00e9 condamn\u00e9 au nom m\u00eame de Dieu.<\/p>\n\n\n\n<p>Ces b\u00e9atitudes de l\u2019\u00e9vangile sont avant tout un portrait de J\u00e9sus lui-m\u00eame. Elles nous montrent le chemin pour parvenir au vrai bonheur. Accueillons-les comme un appel \u00e0 nous laisser modeler par lui \u00e0 son image. Alors, tous ensembles, nous dessinerons son portrait. Comme un vitrail, nous refl\u00e8terons sa lumi\u00e8re pour que tous les hommes nos fr\u00e8res puissent \u00eatre attir\u00e9s par Lui.<\/p>\n\n\n\n<p>Quelqu\u2019un a dit que la Toussaint c\u2019est la \u00ab s\u00e9ance de rattrapage \u00bb. Elle nous annonce la destin\u00e9e glorieuse de tous les membres du Peuple de Dieu, non pas les purs mais les p\u00e9cheurs sauv\u00e9s, les p\u00e9cheurs que Dieu veut combler de sa saintet\u00e9 \u00e0 lui. Marie, la Reine de la Paix et de tous les saints est toujours l\u00e0 pour nous ramener inlassablement vers le Christ. C\u2019est avec elle que tous les saints ont appris \u00e0 tout recevoir comme un don gratuit du Fils. Et c\u2019est avec elle qu\u2019ils vivent actuellement cach\u00e9s dans le secret du P\u00e8re.<\/p>\n\n\n\n<p>En union avec la foule immense de tous les saints du ciel et avec tous les chr\u00e9tiens du monde entier, chantons notre action de gr\u00e2ce au Seigneur. Et nous lui demandons qu\u2019il nous donne force et courage pour faire de notre vie une marche vers lui, vers ce Royaume qu\u2019il a pr\u00e9par\u00e9 pour tous ceux et celles qui acceptent de le suivre.<\/p>\n","protected":false},"excerpt":{"rendered":"<p>Nous voici parvenus \u00e0 la f\u00eate de Toussaint. Nous avons peut-\u00eatre du mal \u00e0 en faire une f\u00eate joyeuse. Toutes ces visites aux cimeti\u00e8res r\u00e9veillent en nous de douloureux souvenirs.&hellip; <\/p>\n","protected":false},"author":1,"featured_media":20,"comment_status":"closed","ping_status":"open","sticky":false,"template":"","format":"standard","meta":{"ngg_post_thumbnail":0},"categories":[1],"tags":[],"_links":{"self":[{"href":"https:\/\/paroissesaintlaumer.com\/index.php\/wp-json\/wp\/v2\/posts\/2263"}],"collection":[{"href":"https:\/\/paroissesaintlaumer.com\/index.php\/wp-json\/wp\/v2\/posts"}],"about":[{"href":"https:\/\/paroissesaintlaumer.com\/index.php\/wp-json\/wp\/v2\/types\/post"}],"author":[{"embeddable":true,"href":"https:\/\/paroissesaintlaumer.com\/index.php\/wp-json\/wp\/v2\/users\/1"}],"replies":[{"embeddable":true,"href":"https:\/\/paroissesaintlaumer.com\/index.php\/wp-json\/wp\/v2\/comments?post=2263"}],"version-history":[{"count":1,"href":"https:\/\/paroissesaintlaumer.com\/index.php\/wp-json\/wp\/v2\/posts\/2263\/revisions"}],"predecessor-version":[{"id":2264,"href":"https:\/\/paroissesaintlaumer.com\/index.php\/wp-json\/wp\/v2\/posts\/2263\/revisions\/2264"}],"wp:featuredmedia":[{"embeddable":true,"href":"https:\/\/paroissesaintlaumer.com\/index.php\/wp-json\/wp\/v2\/media\/20"}],"wp:attachment":[{"href":"https:\/\/paroissesaintlaumer.com\/index.php\/wp-json\/wp\/v2\/media?parent=2263"}],"wp:term":[{"taxonomy":"category","embeddable":true,"href":"https:\/\/paroissesaintlaumer.com\/index.php\/wp-json\/wp\/v2\/categories?post=2263"},{"taxonomy":"post_tag","embeddable":true,"href":"https:\/\/paroissesaintlaumer.com\/index.php\/wp-json\/wp\/v2\/tags?post=2263"}],"curies":[{"name":"wp","href":"https:\/\/api.w.org\/{rel}","templated":true}]}}