{"id":2411,"date":"2020-11-29T09:08:12","date_gmt":"2020-11-29T08:08:12","guid":{"rendered":"https:\/\/paroissesaintlaumer.com\/?p=2411"},"modified":"2020-11-29T09:08:12","modified_gmt":"2020-11-29T08:08:12","slug":"homelie-du-pere-jean-pierre-pour-le-1er-dimanche-de-lavent-dimanche-29-novembre-2020","status":"publish","type":"post","link":"https:\/\/paroissesaintlaumer.com\/index.php\/2020\/11\/29\/homelie-du-pere-jean-pierre-pour-le-1er-dimanche-de-lavent-dimanche-29-novembre-2020\/","title":{"rendered":"Hom\u00e9lie du P\u00e8re Jean-Pierre pour le 1er dimanche de l&#8217;Avent. Dimanche 29 novembre 2020"},"content":{"rendered":"\n<p>Ce dimanche, nous commen\u00e7ons une nouvelle ann\u00e9e liturgique. Cette p\u00e9riode de l\u2019Avent nous rappelle que nous sommes en marche vers No\u00ebl. Avec toute l\u2019\u00c9glise, nous nous r\u00e9jouirons de la naissance du Christ Sauveur. Mais la liturgie d\u2019aujourd\u2019hui vient nous rappeler que No\u00ebl ce n\u2019est pas seulement un \u00e9v\u00e9nement du pass\u00e9. C\u2019est aujourd\u2019hui que le Christ continue \u00e0 venir dans notre vie. Et l\u2019\u00c9vangile de ce dimanche nous annonce qu\u2019il est aussi celui qui reviendra. En ce jour, nous recevons des appels \u00e0 veiller et \u00e0 pr\u00e9parer activement ce grand retour.<\/p>\n\n\n\n<p>Cette annonce du retour du Seigneur est une r\u00e9ponse \u00e0 la pri\u00e8re d\u2019Isa\u00efe (1\u00e8re lecture) : \u201cReviens, Seigneur, pour l\u2019amour de tes serviteurs\u201d. Cette supplication est celle d\u2019un peuple humili\u00e9, \u00e9cras\u00e9, dispers\u00e9. Mais quand tout semble d\u00e9sesp\u00e9r\u00e9, il y a toujours des hommes et des femmes pour rallumer le feu de l\u2019esp\u00e9rance. C\u2019est important pour nous qui vivons dans un monde marqu\u00e9 par le d\u00e9sespoir. C\u2019est dans ce monde-l\u00e0 que nous sommes envoy\u00e9s comme messagers de l\u2019esp\u00e9rance.<\/p>\n\n\n\n<p>Celui qui nous fait tenir fermes c\u2019est J\u00e9sus lui-m\u00eame. C\u2019est cette bonne nouvelle que nous annonce l\u2019ap\u00f4tre Paul. Il nous fait comprendre que l\u2019esp\u00e9rance est pour lui \u201cla m\u00e9moire de l\u2019avenir\u201d. Il sait en effet avec certitude que notre avenir c\u2019est le Christ glorieux. Au jour fix\u00e9 par le P\u00e8re, il nous introduira dans son Royaume. C\u2019est ce grand retour du Christ que nous attendons dans la foi. Pour communier \u00e0 la gloire de cette f\u00eate, saint Paul nous recommande d\u2019\u00eatre irr\u00e9prochables. Nous sommes invit\u00e9s \u00e0 vivre en communion permanente avec le Christ. Il est l\u00e0, au c\u0153ur de nos vies pour nous accompagner et nous affermir dans la foi.<\/p>\n\n\n\n<p>Dans l\u2019\u00c9vangile J\u00e9sus insiste tr\u00e8s fortement sur cet appel \u00e0 rester \u00e9veill\u00e9s. Il ne nous demande pas d\u2019\u00eatre des insomniaques ni de passer des nuits blanches en luttant contre le sommeil. Nous avons le droit de dormir et m\u00eame de prendre des somnif\u00e8res si nous en avons besoin. La nuit dont parle J\u00e9sus, ce n\u2019est pas celle des horloges. Cette nuit, c\u2019est celle de la d\u00e9sesp\u00e9rance, c\u2019est celle d\u2019un monde qui part \u00e0 la d\u00e9rive. C\u2019est quand l\u2019indiff\u00e9rence, l\u2019\u00e9go\u00efsme et la violence l\u2019emportent sur l\u2019amour.<\/p>\n\n\n\n<p>C\u2019est dans cette nuit que J\u00e9sus nous demande de veiller. Il ne veut pas que nous nous laissions emporter par tous ces tourbillons. Notre horizon c\u2019est celui de P\u00e2ques, c\u2019est celui de la victoire du Christ sur la mort et le p\u00e9ch\u00e9. Ce retour du Seigneur, nous le pr\u00e9parons comme une grande f\u00eate. Nous sommes comme des serviteurs qui attendent leur ma\u00eetre en pleine nuit. Il nous faut absolument \u00eatre pr\u00eat \u00e0 l\u2019accueillir.<\/p>\n\n\n\n<p>\u00c0 l\u2019approche de No\u00ebl, le risque est grand de nous laisser endormir par toutes les publicit\u00e9s, toutes les propagandes qui d\u00e9ferlent sur nous et sur notre monde. Il faut le dire et le redire : No\u00ebl c\u2019est d\u2019abord J\u00e9sus qui vient. Toutes les cr\u00e8ches sont l\u00e0 pour nous parler de cette venue. Elles nous rappellent que Dieu nous rejoint dans notre nuit. Il se fait \u201cEmmanuel\u201d, Dieu avec nous. Avec lui, c\u2019est la bonne nouvelle qui est annonc\u00e9e \u00e0 tous ceux et celles qui n\u2019en peuvent plus de souffrir de l\u2019exclusion et de la solitude.<\/p>\n\n\n\n<p>No\u00ebl c\u2019est J\u00e9sus qui vient \u00e0 notre rencontre. Il est urgent de le remettre au centre de notre vie. La pri\u00e8re, l\u2019accueil de la Parole de Dieu et l\u2019Eucharistie sont l\u00e0 pour nous aider \u00e0 rester en \u00e9tat de veille. En nous tournant vers le Seigneur, nous apprenons \u00e0 avoir le m\u00eame regard que lui sur notre vie et notre monde. Nous savons que nous sommes en marche \u00e0 la suite de Celui qui est la Lumi\u00e8re du monde. C\u2019est de cela que nous avons \u00e0 t\u00e9moigner.<\/p>\n\n\n\n<p>Chr\u00e9tiens mes fr\u00e8res et s\u0153urs, vivre le temps de l\u2019Avent c\u2019est accueillir le Sauveur qui vient faire na\u00eetre en nous une grande esp\u00e9rance. Restons \u00e9veill\u00e9s pour ne pas manquer ce grand rendez-vous. Sur ce chemin de l\u2019Avent, le Seigneur est l\u00e0. Il se fait notre compagnon de route et notre nourriture. Il est Celui qui nous annonce notre d\u00e9livrance. C\u2019est pour cette raison qu\u2019il nous recommande de rester \u00e9veill\u00e9s et de prier. Chaque matin est une retrouvaille de J\u00e9sus Christ et de son \u00c9vangile. On reprend la r\u00e9solution d\u2019\u00eatre attentifs \u00e0 Dieu, \u00e0 notre t\u00e2che et aux personnes que nous allons rencontrer. Et surtout, ne l\u00e2chons jamais la pri\u00e8re. Gr\u00e2ce \u00e0 elle, nous pourrons rester \u00e9veill\u00e9s pour ne pas manquer ce rendez-vous.<\/p>\n\n\n\n<p>En ce monde assoupi dans l\u2019injustice et l\u2019indiff\u00e9rence, Seigneur notre Dieu, ne laisse pas le sommeil nous gagner. Dirige nos regards vers Celui qui vient faire fleurir la paix et la vie. Aide-nous \u00e0 devenir les veilleurs de notre humanit\u00e9. C\u2019est l\u00e0, au c\u0153ur de notre vie de tous les jours, que nous voulons t\u2019accueillir.<\/p>\n","protected":false},"excerpt":{"rendered":"<p>Ce dimanche, nous commen\u00e7ons une nouvelle ann\u00e9e liturgique. Cette p\u00e9riode de l\u2019Avent nous rappelle que nous sommes en marche vers No\u00ebl. Avec toute l\u2019\u00c9glise, nous nous r\u00e9jouirons de la naissance&hellip; <\/p>\n","protected":false},"author":1,"featured_media":20,"comment_status":"closed","ping_status":"open","sticky":false,"template":"","format":"standard","meta":{"ngg_post_thumbnail":0},"categories":[1],"tags":[],"_links":{"self":[{"href":"https:\/\/paroissesaintlaumer.com\/index.php\/wp-json\/wp\/v2\/posts\/2411"}],"collection":[{"href":"https:\/\/paroissesaintlaumer.com\/index.php\/wp-json\/wp\/v2\/posts"}],"about":[{"href":"https:\/\/paroissesaintlaumer.com\/index.php\/wp-json\/wp\/v2\/types\/post"}],"author":[{"embeddable":true,"href":"https:\/\/paroissesaintlaumer.com\/index.php\/wp-json\/wp\/v2\/users\/1"}],"replies":[{"embeddable":true,"href":"https:\/\/paroissesaintlaumer.com\/index.php\/wp-json\/wp\/v2\/comments?post=2411"}],"version-history":[{"count":1,"href":"https:\/\/paroissesaintlaumer.com\/index.php\/wp-json\/wp\/v2\/posts\/2411\/revisions"}],"predecessor-version":[{"id":2412,"href":"https:\/\/paroissesaintlaumer.com\/index.php\/wp-json\/wp\/v2\/posts\/2411\/revisions\/2412"}],"wp:featuredmedia":[{"embeddable":true,"href":"https:\/\/paroissesaintlaumer.com\/index.php\/wp-json\/wp\/v2\/media\/20"}],"wp:attachment":[{"href":"https:\/\/paroissesaintlaumer.com\/index.php\/wp-json\/wp\/v2\/media?parent=2411"}],"wp:term":[{"taxonomy":"category","embeddable":true,"href":"https:\/\/paroissesaintlaumer.com\/index.php\/wp-json\/wp\/v2\/categories?post=2411"},{"taxonomy":"post_tag","embeddable":true,"href":"https:\/\/paroissesaintlaumer.com\/index.php\/wp-json\/wp\/v2\/tags?post=2411"}],"curies":[{"name":"wp","href":"https:\/\/api.w.org\/{rel}","templated":true}]}}