{"id":3716,"date":"2022-12-06T16:42:34","date_gmt":"2022-12-06T15:42:34","guid":{"rendered":"https:\/\/paroissesaintlaumer.com\/?p=3716"},"modified":"2022-12-06T16:44:20","modified_gmt":"2022-12-06T15:44:20","slug":"chemin-de-noel-2022-prepare-par-les-enfants-du-secteur-de-la-ferte-vidame","status":"publish","type":"post","link":"https:\/\/paroissesaintlaumer.com\/index.php\/2022\/12\/06\/chemin-de-noel-2022-prepare-par-les-enfants-du-secteur-de-la-ferte-vidame\/","title":{"rendered":"Chemin de No\u00ebl 2022 pr\u00e9par\u00e9 par les enfants du secteur de La Fert\u00e9 Vidame"},"content":{"rendered":"\n<figure class=\"wp-block-pullquote\"><blockquote><p>\u00ab Nous sommes les bergers : nous nous sommes mis en route , avec nos moutons , attir\u00e9s par une lumi\u00e8re qui brille \u00e0 l\u2019horizon.&nbsp;Plus nous avan\u00e7ons , plus nous pr\u00e9parons notre c\u0153ur \u00e0 la venue du petit enfant J\u00e9sus. C\u2019est le chemin de l\u2019Avent \u00bb<\/p><\/blockquote><\/figure>\n\n\n\n<p class=\"has-text-align-center has-black-color has-text-color has-background\" style=\"background-color:#d8f3ff\"><strong>Florian , Matthew, Lyana, Julia et Thomas.&nbsp;<\/strong><\/p>\n\n\n\n<p>Merci et bravo \u00e0 Laurence, Priscille et Isaure.&nbsp;<\/p>\n\n\n\n<p>Voici les photos :<\/p>\n\n\n\n<p><\/p>\n\n\n\n<!--more-->\n\n\n\n<figure class=\"wp-block-gallery columns-1 is-cropped\"><ul class=\"blocks-gallery-grid\"><li class=\"blocks-gallery-item\"><figure><img loading=\"lazy\" width=\"2560\" height=\"1920\" src=\"https:\/\/paroissesaintlaumer.com\/wp-content\/uploads\/2022\/12\/image_50431489-scaled.jpg\" alt=\"\" data-id=\"3717\" data-link=\"https:\/\/paroissesaintlaumer.com\/index.php\/2022\/12\/06\/chemin-de-noel-2022-prepare-par-les-enfants-du-secteur-de-la-ferte-vidame\/image_50431489\/\" class=\"wp-image-3717\" srcset=\"https:\/\/paroissesaintlaumer.com\/wp-content\/uploads\/2022\/12\/image_50431489-scaled.jpg 2560w, https:\/\/paroissesaintlaumer.com\/wp-content\/uploads\/2022\/12\/image_50431489-300x225.jpg 300w, https:\/\/paroissesaintlaumer.com\/wp-content\/uploads\/2022\/12\/image_50431489-1024x768.jpg 1024w, https:\/\/paroissesaintlaumer.com\/wp-content\/uploads\/2022\/12\/image_50431489-768x576.jpg 768w, https:\/\/paroissesaintlaumer.com\/wp-content\/uploads\/2022\/12\/image_50431489-1536x1152.jpg 1536w, https:\/\/paroissesaintlaumer.com\/wp-content\/uploads\/2022\/12\/image_50431489-2048x1536.jpg 2048w\" sizes=\"(max-width: 2560px) 100vw, 2560px\" \/><\/figure><\/li><li class=\"blocks-gallery-item\"><figure><img loading=\"lazy\" width=\"2560\" height=\"1920\" src=\"https:\/\/paroissesaintlaumer.com\/wp-content\/uploads\/2022\/12\/image_50458625-1-scaled.jpg\" alt=\"\" data-id=\"3718\" data-link=\"https:\/\/paroissesaintlaumer.com\/index.php\/2022\/12\/06\/chemin-de-noel-2022-prepare-par-les-enfants-du-secteur-de-la-ferte-vidame\/image_50458625-1\/\" class=\"wp-image-3718\" srcset=\"https:\/\/paroissesaintlaumer.com\/wp-content\/uploads\/2022\/12\/image_50458625-1-scaled.jpg 2560w, https:\/\/paroissesaintlaumer.com\/wp-content\/uploads\/2022\/12\/image_50458625-1-300x225.jpg 300w, https:\/\/paroissesaintlaumer.com\/wp-content\/uploads\/2022\/12\/image_50458625-1-1024x768.jpg 1024w, https:\/\/paroissesaintlaumer.com\/wp-content\/uploads\/2022\/12\/image_50458625-1-768x576.jpg 768w, https:\/\/paroissesaintlaumer.com\/wp-content\/uploads\/2022\/12\/image_50458625-1-1536x1152.jpg 1536w, https:\/\/paroissesaintlaumer.com\/wp-content\/uploads\/2022\/12\/image_50458625-1-2048x1536.jpg 2048w\" sizes=\"(max-width: 2560px) 100vw, 2560px\" \/><\/figure><\/li><li class=\"blocks-gallery-item\"><figure><img loading=\"lazy\" width=\"2560\" height=\"1920\" src=\"https:\/\/paroissesaintlaumer.com\/wp-content\/uploads\/2022\/12\/image_50458625-scaled.jpg\" alt=\"\" data-id=\"3719\" data-link=\"https:\/\/paroissesaintlaumer.com\/index.php\/2022\/12\/06\/chemin-de-noel-2022-prepare-par-les-enfants-du-secteur-de-la-ferte-vidame\/image_50458625\/\" class=\"wp-image-3719\" srcset=\"https:\/\/paroissesaintlaumer.com\/wp-content\/uploads\/2022\/12\/image_50458625-scaled.jpg 2560w, https:\/\/paroissesaintlaumer.com\/wp-content\/uploads\/2022\/12\/image_50458625-300x225.jpg 300w, https:\/\/paroissesaintlaumer.com\/wp-content\/uploads\/2022\/12\/image_50458625-1024x768.jpg 1024w, https:\/\/paroissesaintlaumer.com\/wp-content\/uploads\/2022\/12\/image_50458625-768x576.jpg 768w, https:\/\/paroissesaintlaumer.com\/wp-content\/uploads\/2022\/12\/image_50458625-1536x1152.jpg 1536w, https:\/\/paroissesaintlaumer.com\/wp-content\/uploads\/2022\/12\/image_50458625-2048x1536.jpg 2048w\" sizes=\"(max-width: 2560px) 100vw, 2560px\" \/><\/figure><\/li><li class=\"blocks-gallery-item\"><figure><img loading=\"lazy\" width=\"768\" height=\"1024\" src=\"https:\/\/paroissesaintlaumer.com\/wp-content\/uploads\/2022\/12\/image_67196417-768x1024.jpg\" alt=\"\" data-id=\"3720\" class=\"wp-image-3720\" srcset=\"https:\/\/paroissesaintlaumer.com\/wp-content\/uploads\/2022\/12\/image_67196417-768x1024.jpg 768w, https:\/\/paroissesaintlaumer.com\/wp-content\/uploads\/2022\/12\/image_67196417-225x300.jpg 225w, https:\/\/paroissesaintlaumer.com\/wp-content\/uploads\/2022\/12\/image_67196417-1152x1536.jpg 1152w, https:\/\/paroissesaintlaumer.com\/wp-content\/uploads\/2022\/12\/image_67196417-1536x2048.jpg 1536w, https:\/\/paroissesaintlaumer.com\/wp-content\/uploads\/2022\/12\/image_67196417-scaled.jpg 1920w\" sizes=\"(max-width: 768px) 100vw, 768px\" \/><\/figure><\/li><li class=\"blocks-gallery-item\"><figure><img loading=\"lazy\" width=\"768\" height=\"1024\" src=\"https:\/\/paroissesaintlaumer.com\/wp-content\/uploads\/2022\/12\/image_67177985-768x1024.jpg\" alt=\"\" data-id=\"3721\" class=\"wp-image-3721\" srcset=\"https:\/\/paroissesaintlaumer.com\/wp-content\/uploads\/2022\/12\/image_67177985-768x1024.jpg 768w, https:\/\/paroissesaintlaumer.com\/wp-content\/uploads\/2022\/12\/image_67177985-225x300.jpg 225w, https:\/\/paroissesaintlaumer.com\/wp-content\/uploads\/2022\/12\/image_67177985-1152x1536.jpg 1152w, https:\/\/paroissesaintlaumer.com\/wp-content\/uploads\/2022\/12\/image_67177985-1536x2048.jpg 1536w, https:\/\/paroissesaintlaumer.com\/wp-content\/uploads\/2022\/12\/image_67177985-scaled.jpg 1920w\" sizes=\"(max-width: 768px) 100vw, 768px\" \/><\/figure><\/li><\/ul><\/figure>\n","protected":false},"excerpt":{"rendered":"<p>\u00ab Nous sommes les bergers : nous nous sommes mis en route , avec nos moutons , attir\u00e9s par une lumi\u00e8re qui brille \u00e0 l\u2019horizon.&nbsp;Plus nous avan\u00e7ons , plus nous&hellip; <\/p>\n","protected":false},"author":1,"featured_media":3718,"comment_status":"closed","ping_status":"open","sticky":false,"template":"","format":"standard","meta":{"ngg_post_thumbnail":0},"categories":[7,1],"tags":[],"_links":{"self":[{"href":"https:\/\/paroissesaintlaumer.com\/index.php\/wp-json\/wp\/v2\/posts\/3716"}],"collection":[{"href":"https:\/\/paroissesaintlaumer.com\/index.php\/wp-json\/wp\/v2\/posts"}],"about":[{"href":"https:\/\/paroissesaintlaumer.com\/index.php\/wp-json\/wp\/v2\/types\/post"}],"author":[{"embeddable":true,"href":"https:\/\/paroissesaintlaumer.com\/index.php\/wp-json\/wp\/v2\/users\/1"}],"replies":[{"embeddable":true,"href":"https:\/\/paroissesaintlaumer.com\/index.php\/wp-json\/wp\/v2\/comments?post=3716"}],"version-history":[{"count":3,"href":"https:\/\/paroissesaintlaumer.com\/index.php\/wp-json\/wp\/v2\/posts\/3716\/revisions"}],"predecessor-version":[{"id":3724,"href":"https:\/\/paroissesaintlaumer.com\/index.php\/wp-json\/wp\/v2\/posts\/3716\/revisions\/3724"}],"wp:featuredmedia":[{"embeddable":true,"href":"https:\/\/paroissesaintlaumer.com\/index.php\/wp-json\/wp\/v2\/media\/3718"}],"wp:attachment":[{"href":"https:\/\/paroissesaintlaumer.com\/index.php\/wp-json\/wp\/v2\/media?parent=3716"}],"wp:term":[{"taxonomy":"category","embeddable":true,"href":"https:\/\/paroissesaintlaumer.com\/index.php\/wp-json\/wp\/v2\/categories?post=3716"},{"taxonomy":"post_tag","embeddable":true,"href":"https:\/\/paroissesaintlaumer.com\/index.php\/wp-json\/wp\/v2\/tags?post=3716"}],"curies":[{"name":"wp","href":"https:\/\/api.w.org\/{rel}","templated":true}]}}