{"id":3922,"date":"2023-04-02T14:09:19","date_gmt":"2023-04-02T12:09:19","guid":{"rendered":"https:\/\/paroissesaintlaumer.com\/?p=3922"},"modified":"2023-04-02T14:09:19","modified_gmt":"2023-04-02T12:09:19","slug":"catechisme-pelerinage-a-la-chapelle-montligeon-du-25-mars-2023","status":"publish","type":"post","link":"https:\/\/paroissesaintlaumer.com\/index.php\/2023\/04\/02\/catechisme-pelerinage-a-la-chapelle-montligeon-du-25-mars-2023\/","title":{"rendered":"Cat\u00e9chisme : p\u00e8lerinage \u00e0 La Chapelle Montligeon du 25 mars 2023"},"content":{"rendered":"\n<p>En ce 25 mars, jour de l\u2019annonciation, ils \u00e9taient 48 p\u00e8lerins dont 25 enfants \u00e0 se rendre \u00e0 la Chapelle Montligeon pour prier et passer un temps de cat\u00e9ch\u00e8se autrement. Ce p\u00e8lerinage a \u00e9t\u00e9 organis\u00e9 pour les enfants de la paroisse qui suivent la cat\u00e9ch\u00e8se et leurs parents.<\/p>\n\n\n\n<!--more-->\n\n\n\n<figure class=\"wp-block-image size-large\"><img loading=\"lazy\" width=\"800\" height=\"600\" src=\"https:\/\/paroissesaintlaumer.com\/wp-content\/uploads\/2023\/04\/IMG_42641.jpg\" alt=\"\" class=\"wp-image-3923\" srcset=\"https:\/\/paroissesaintlaumer.com\/wp-content\/uploads\/2023\/04\/IMG_42641.jpg 800w, https:\/\/paroissesaintlaumer.com\/wp-content\/uploads\/2023\/04\/IMG_42641-300x225.jpg 300w, https:\/\/paroissesaintlaumer.com\/wp-content\/uploads\/2023\/04\/IMG_42641-768x576.jpg 768w\" sizes=\"(max-width: 800px) 100vw, 800px\" \/><\/figure>\n\n\n\n<p>La journ\u00e9e d\u00e9buta par un temps de visite de la basilique, puis la messe, un piquenique tir\u00e9 du sac, la pri\u00e8re du chemin de la lumi\u00e8re, un temps d\u2019\u00e9coute de t\u00e9moignage d\u2019une religieuse et un temps d\u2019enseignement pour les parents et une cat\u00e9ch\u00e8se pour les enfants.<\/p>\n\n\n\n<figure class=\"wp-block-image size-large\"><img loading=\"lazy\" width=\"1024\" height=\"461\" src=\"https:\/\/paroissesaintlaumer.com\/wp-content\/uploads\/2023\/04\/20230325_100057b-1024x461.jpg\" alt=\"\" class=\"wp-image-3925\" srcset=\"https:\/\/paroissesaintlaumer.com\/wp-content\/uploads\/2023\/04\/20230325_100057b-1024x461.jpg 1024w, https:\/\/paroissesaintlaumer.com\/wp-content\/uploads\/2023\/04\/20230325_100057b-300x135.jpg 300w, https:\/\/paroissesaintlaumer.com\/wp-content\/uploads\/2023\/04\/20230325_100057b-768x346.jpg 768w, https:\/\/paroissesaintlaumer.com\/wp-content\/uploads\/2023\/04\/20230325_100057b-1536x691.jpg 1536w, https:\/\/paroissesaintlaumer.com\/wp-content\/uploads\/2023\/04\/20230325_100057b.jpg 1900w\" sizes=\"(max-width: 1024px) 100vw, 1024px\" \/><\/figure>\n\n\n\n<figure class=\"wp-block-image size-large\"><img loading=\"lazy\" width=\"1024\" height=\"768\" src=\"https:\/\/paroissesaintlaumer.com\/wp-content\/uploads\/2023\/04\/IMG-20230325-WA0012-1024x768.jpg\" alt=\"\" class=\"wp-image-3924\" srcset=\"https:\/\/paroissesaintlaumer.com\/wp-content\/uploads\/2023\/04\/IMG-20230325-WA0012-1024x768.jpg 1024w, https:\/\/paroissesaintlaumer.com\/wp-content\/uploads\/2023\/04\/IMG-20230325-WA0012-300x225.jpg 300w, https:\/\/paroissesaintlaumer.com\/wp-content\/uploads\/2023\/04\/IMG-20230325-WA0012-768x576.jpg 768w, https:\/\/paroissesaintlaumer.com\/wp-content\/uploads\/2023\/04\/IMG-20230325-WA0012-1536x1153.jpg 1536w, https:\/\/paroissesaintlaumer.com\/wp-content\/uploads\/2023\/04\/IMG-20230325-WA0012.jpg 1599w\" sizes=\"(max-width: 1024px) 100vw, 1024px\" \/><\/figure>\n\n\n\n<p>La journ\u00e9e fut belle et joyeuse pour les enfants et aussi pour les adultes qui les accompagnaient.<\/p>\n\n\n\n<figure class=\"wp-block-image size-large\"><img loading=\"lazy\" width=\"1024\" height=\"461\" src=\"https:\/\/paroissesaintlaumer.com\/wp-content\/uploads\/2023\/04\/20230325_102349-1024x461.jpg\" alt=\"\" class=\"wp-image-3926\" srcset=\"https:\/\/paroissesaintlaumer.com\/wp-content\/uploads\/2023\/04\/20230325_102349-1024x461.jpg 1024w, https:\/\/paroissesaintlaumer.com\/wp-content\/uploads\/2023\/04\/20230325_102349-300x135.jpg 300w, https:\/\/paroissesaintlaumer.com\/wp-content\/uploads\/2023\/04\/20230325_102349-768x346.jpg 768w, https:\/\/paroissesaintlaumer.com\/wp-content\/uploads\/2023\/04\/20230325_102349-1536x691.jpg 1536w, https:\/\/paroissesaintlaumer.com\/wp-content\/uploads\/2023\/04\/20230325_102349.jpg 1900w\" sizes=\"(max-width: 1024px) 100vw, 1024px\" \/><\/figure>\n\n\n\n<figure class=\"wp-block-image size-large\"><img loading=\"lazy\" width=\"1024\" height=\"461\" src=\"https:\/\/paroissesaintlaumer.com\/wp-content\/uploads\/2023\/04\/20230325_101703b-1024x461.jpg\" alt=\"\" class=\"wp-image-3927\" srcset=\"https:\/\/paroissesaintlaumer.com\/wp-content\/uploads\/2023\/04\/20230325_101703b-1024x461.jpg 1024w, https:\/\/paroissesaintlaumer.com\/wp-content\/uploads\/2023\/04\/20230325_101703b-300x135.jpg 300w, https:\/\/paroissesaintlaumer.com\/wp-content\/uploads\/2023\/04\/20230325_101703b-768x346.jpg 768w, https:\/\/paroissesaintlaumer.com\/wp-content\/uploads\/2023\/04\/20230325_101703b-1536x691.jpg 1536w, https:\/\/paroissesaintlaumer.com\/wp-content\/uploads\/2023\/04\/20230325_101703b.jpg 1900w\" sizes=\"(max-width: 1024px) 100vw, 1024px\" \/><\/figure>\n","protected":false},"excerpt":{"rendered":"<p>En ce 25 mars, jour de l\u2019annonciation, ils \u00e9taient 48 p\u00e8lerins dont 25 enfants \u00e0 se rendre \u00e0 la Chapelle Montligeon pour prier et passer un temps de cat\u00e9ch\u00e8se autrement.&hellip; <\/p>\n","protected":false},"author":1,"featured_media":3927,"comment_status":"closed","ping_status":"open","sticky":false,"template":"","format":"standard","meta":{"ngg_post_thumbnail":0},"categories":[7,1],"tags":[],"_links":{"self":[{"href":"https:\/\/paroissesaintlaumer.com\/index.php\/wp-json\/wp\/v2\/posts\/3922"}],"collection":[{"href":"https:\/\/paroissesaintlaumer.com\/index.php\/wp-json\/wp\/v2\/posts"}],"about":[{"href":"https:\/\/paroissesaintlaumer.com\/index.php\/wp-json\/wp\/v2\/types\/post"}],"author":[{"embeddable":true,"href":"https:\/\/paroissesaintlaumer.com\/index.php\/wp-json\/wp\/v2\/users\/1"}],"replies":[{"embeddable":true,"href":"https:\/\/paroissesaintlaumer.com\/index.php\/wp-json\/wp\/v2\/comments?post=3922"}],"version-history":[{"count":1,"href":"https:\/\/paroissesaintlaumer.com\/index.php\/wp-json\/wp\/v2\/posts\/3922\/revisions"}],"predecessor-version":[{"id":3928,"href":"https:\/\/paroissesaintlaumer.com\/index.php\/wp-json\/wp\/v2\/posts\/3922\/revisions\/3928"}],"wp:featuredmedia":[{"embeddable":true,"href":"https:\/\/paroissesaintlaumer.com\/index.php\/wp-json\/wp\/v2\/media\/3927"}],"wp:attachment":[{"href":"https:\/\/paroissesaintlaumer.com\/index.php\/wp-json\/wp\/v2\/media?parent=3922"}],"wp:term":[{"taxonomy":"category","embeddable":true,"href":"https:\/\/paroissesaintlaumer.com\/index.php\/wp-json\/wp\/v2\/categories?post=3922"},{"taxonomy":"post_tag","embeddable":true,"href":"https:\/\/paroissesaintlaumer.com\/index.php\/wp-json\/wp\/v2\/tags?post=3922"}],"curies":[{"name":"wp","href":"https:\/\/api.w.org\/{rel}","templated":true}]}}